{"id":535910,"date":"2025-11-15T11:59:10","date_gmt":"2025-11-15T11:59:10","guid":{"rendered":"https:\/\/www.europesays.com\/fr\/535910\/"},"modified":"2025-11-15T11:59:10","modified_gmt":"2025-11-15T11:59:10","slug":"un-homme-ivre-arrete-apres-des-coups-de-feu-en-pleine-rue","status":"publish","type":"post","link":"https:\/\/www.europesays.com\/fr\/535910\/","title":{"rendered":"un homme ivre arr\u00eat\u00e9 apr\u00e8s des coups de feu en pleine rue"},"content":{"rendered":"<p itemprop=\"description\"><strong>Ce vendredi soir, des habitants de D\u00e9cines-Charpieu ont contact\u00e9 la police, paniqu\u00e9e par les nombreuses d\u00e9tonations qui r\u00e9sonnaient rue de la Fraternit\u00e9.<\/strong><\/p>\n<p>De plus, certains riverains avaient aper\u00e7u un individu arm\u00e9 d\u00e9ambuler vers 22h.<\/p>\n<p>Un \u00e9quipage de la BAC s&rsquo;est alors rendu sur place et a retrouv\u00e9 le suspect.<\/p>\n<p>En \u00e9tat d&rsquo;ivresse, il a \u00e9t\u00e9 ma\u00eetris\u00e9 avant de pouvoir \u00e0 nouveau faire usage de son arme de poing. Il avait sur lui un autre chargeur approvisionn\u00e9, qui a \u00e9galement \u00e9t\u00e9 saisi.<\/p>\n<p>Plac\u00e9 en garde \u00e0 vue, l&rsquo;homme devra s&rsquo;expliquer sur cette s\u00e9quence qui n&rsquo;a pas fait de victime.<\/p>\n","protected":false},"excerpt":{"rendered":"Ce vendredi soir, des habitants de D\u00e9cines-Charpieu ont contact\u00e9 la police, paniqu\u00e9e par les nombreuses d\u00e9tonations qui r\u00e9sonnaient&hellip;\n","protected":false},"author":2,"featured_media":535911,"comment_status":"","ping_status":"","sticky":false,"template":"","format":"standard","meta":{"footnotes":""},"categories":[1889],"tags":[1111,11,2813,2190,2430,1109,251,1112,2811,1777,674,118,1011,27,1922,1110,1114,2428,2810,12,241,316,25,2812,517,800],"class_list":{"0":"post-535910","1":"post","2":"type-post","3":"status-publish","4":"format-standard","5":"has-post-thumbnail","7":"category-lyon","8":"tag-actu","9":"tag-actualites","10":"tag-article","11":"tag-asvel","12":"tag-auvergne-rhone-alpes","13":"tag-breves","14":"tag-culture","15":"tag-depeches","16":"tag-economique","17":"tag-eu","18":"tag-europe","19":"tag-faits-divers","20":"tag-fr","21":"tag-france","22":"tag-info","23":"tag-informations","24":"tag-infos","25":"tag-lyon","26":"tag-lyonmag","27":"tag-news","28":"tag-ol","29":"tag-politique","30":"tag-republique-francaise","31":"tag-sociale","32":"tag-sport","33":"tag-transports"},"share_on_mastodon":{"url":"https:\/\/pubeurope.com\/@fr\/115553603851047357","error":""},"_links":{"self":[{"href":"https:\/\/www.europesays.com\/fr\/wp-json\/wp\/v2\/posts\/535910","targetHints":{"allow":["GET"]}}],"collection":[{"href":"https:\/\/www.europesays.com\/fr\/wp-json\/wp\/v2\/posts"}],"about":[{"href":"https:\/\/www.europesays.com\/fr\/wp-json\/wp\/v2\/types\/post"}],"author":[{"embeddable":true,"href":"https:\/\/www.europesays.com\/fr\/wp-json\/wp\/v2\/users\/2"}],"replies":[{"embeddable":true,"href":"https:\/\/www.europesays.com\/fr\/wp-json\/wp\/v2\/comments?post=535910"}],"version-history":[{"count":0,"href":"https:\/\/www.europesays.com\/fr\/wp-json\/wp\/v2\/posts\/535910\/revisions"}],"wp:featuredmedia":[{"embeddable":true,"href":"https:\/\/www.europesays.com\/fr\/wp-json\/wp\/v2\/media\/535911"}],"wp:attachment":[{"href":"https:\/\/www.europesays.com\/fr\/wp-json\/wp\/v2\/media?parent=535910"}],"wp:term":[{"taxonomy":"category","embeddable":true,"href":"https:\/\/www.europesays.com\/fr\/wp-json\/wp\/v2\/categories?post=535910"},{"taxonomy":"post_tag","embeddable":true,"href":"https:\/\/www.europesays.com\/fr\/wp-json\/wp\/v2\/tags?post=535910"}],"curies":[{"name":"wp","href":"https:\/\/api.w.org\/{rel}","templated":true}]}}