{"id":535912,"date":"2025-11-15T12:00:17","date_gmt":"2025-11-15T12:00:17","guid":{"rendered":"https:\/\/www.europesays.com\/fr\/535912\/"},"modified":"2025-11-15T12:00:17","modified_gmt":"2025-11-15T12:00:17","slug":"lady-gaga-stoppe-son-concert-a-lyon-face-a-une-fan-en-detresse-elle-va-bien","status":"publish","type":"post","link":"https:\/\/www.europesays.com\/fr\/535912\/","title":{"rendered":"Lady Gaga stoppe son concert \u00e0 Lyon face \u00e0 une fan en d\u00e9tresse : \u00ab\u00a0Elle va bien ?\u00a0\u00bb"},"content":{"rendered":"<p>                    Par<br \/>\n        <strong><br \/>\n            <a href=\"https:\/\/actu.fr\/auteur\/anthony-soudani\" title=\"Consulter tous les articles de Anthony Soudani\" target=\"_blank\" rel=\"noopener\">Anthony Soudani<\/a><br \/>\n                    <\/strong><\/p>\n<p>        Publi\u00e9 le<\/p>\n<p>            15 nov. 2025 \u00e0 12h39        <\/p>\n<p><strong>INFO ACTU LYON.<\/strong> C\u2019est une sc\u00e8ne qui fait beaucoup r\u00e9agir sur les r\u00e9seaux sociaux d\u2019actu Lyon. <a href=\"https:\/\/actu.fr\/auvergne-rhone-alpes\/lyon_69123\/lady-gaga-a-lyon-pour-sa-premiere-date-en-france-on-a-vu-son-concert-ce-qu-on-en-a-pense_63435921.html\" target=\"_blank\" rel=\"noopener\">Lady Gaga<\/a> a arr\u00eat\u00e9 son deuxi\u00e8me concert pour une fan qui \u00e9tait en d\u00e9tresse dans la fosse de la <a href=\"https:\/\/actu.fr\/auvergne-rhone-alpes\/lyon_69123\/lyon-les-fans-de-lady-gaga-campent-devant-la-ldlc-arena-depuis-24-heures-c-est-toute-ma-vie_63434500.html\" target=\"_blank\" rel=\"noopener\">LDLC Arena<\/a> de Lyon-D\u00e9cines, vendredi 14 novembre. La star am\u00e9ricaine s\u2019est r\u00e9ellement inqui\u00e9t\u00e9e.<\/p>\n<p>Une fan fait un malaise en fosse, Lady Gaga s\u2019arr\u00eate<\/p>\n<p class=\" wall-content\">La tourn\u00e9e The Mayhem Ball de Lady Gaga est d\u2019une rare intensit\u00e9. La performance de l\u2019artiste internationale est exceptionnelle sur sc\u00e8ne. Jeux de lumi\u00e8re, ambiance parfois tr\u00e8s sombre, voix puissante, costumes effrayants, danseurs zombie\u2026 tout cela dans un d\u00e9cor th\u00e9\u00e2tral \u00e0 couper le souffle.\u00a0<\/p>\n<p class=\" wall-content\">Une fan dans la fosse a \u00e9t\u00e9 victime d\u2019un malaise au moment o\u00f9 Lady Gaga interpr\u00e9tait au piano \u00ab\u00a0Always remember us this way\u00a0\u00bb issu de son film \u00e0 succ\u00e8s avec Bradley Cooper \u00ab\u00a0A Star is born&rsquo;\u00a0\u00bb. <strong>La superstar a imm\u00e9diatement arr\u00eat\u00e9 son concert<\/strong> pour prendre des nouvelles.\u00a0<\/p>\n<p>\u00ab\u00a0Je vais un peu mieux, grosse migraine\u00a0\u00bb<\/p>\n<p class=\" wall-content\">Selon nos informations, la victime a \u00e9t\u00e9 \u00e9vacu\u00e9e par les secouristes et les agents de s\u00e9curit\u00e9 de la LDLC Arena. Cette derni\u00e8re donne des nouvelles de sa sant\u00e9 \u00e0 actu Lyon au lendemain du concert : \u00ab\u00a0Je vais un peu mieux, grosse migraine et fatigue aujourd\u2019hui mais <strong>j\u2019ai bien \u00e9t\u00e9 prise en charge<\/strong> par la s\u00e9curit\u00e9 et les secouristes.\u00a0\u00bb<\/p>\n<p class=\" wall-content\">Des spectateurs l\u2019ont \u00e9galement aid\u00e9e.<\/p>\n<p class=\" wall-content\">Lady Gaga a ensuite repris son show, avant de s\u2019arr\u00eater une seconde fois, pas r\u00e9ellement rassur\u00e9e. <strong>\u00ab\u00a0Elle va bien ?\u00a0\u00bb<\/strong>, lance-t-elle en direction du public, qui a salu\u00e9 la bienveillance de l\u2019artiste. \u00ab\u00a0Allez-y doucement, ok ?\u00a0\u00bb, ajoute-t-elle avant de relancer le concert avec \u00ab\u00a0Hair\u00a0\u00bb, un de ses tubes iconique.\u00a0<\/p>\n<p class=\" wall-content\">Ic\u00f4ne d\u2019ailleurs, un mot parfait pour d\u00e9crire Lady Gaga qui, sur sc\u00e8ne, d\u00e9montre tous ses talents de com\u00e9dienne, chanteuse et performeuse\u2026 tout en restant elle-m\u00eame et tr\u00e8s humaine.\u00a0<\/p>\n<p class=\" wall-content\">Personnalisez votre actualit\u00e9 en ajoutant vos villes et m\u00e9dias en favori avec <a href=\"https:\/\/moncompte.actu.fr\" title=\"D\u00e9couvez Mon Actu\" rel=\"nofollow noopener\" data-trk=\"{&quot;cta&quot;:{&quot;action&quot;:&quot;https:\\\/\\\/moncompte.actu.fr&quot;,&quot;category&quot;:&quot;mon compte&quot;,&quot;from&quot;:&quot;article footer&quot;,&quot;name&quot;:&quot;Mon actu&quot;,&quot;type&quot;:&quot;cta&quot;}}\" target=\"_blank\">Mon Actu<\/a>.<\/p>\n","protected":false},"excerpt":{"rendered":"Par Anthony Soudani Publi\u00e9 le 15 nov. 2025 \u00e0 12h39 INFO ACTU LYON. C\u2019est une sc\u00e8ne qui fait&hellip;\n","protected":false},"author":2,"featured_media":535913,"comment_status":"","ping_status":"","sticky":false,"template":"","format":"standard","meta":{"footnotes":""},"categories":[1889],"tags":[1111,11,2430,1697,1777,674,1011,27,2531,7602,1652,2428,12,25],"class_list":{"0":"post-535912","1":"post","2":"type-post","3":"status-publish","4":"format-standard","5":"has-post-thumbnail","7":"category-lyon","8":"tag-actu","9":"tag-actualites","10":"tag-auvergne-rhone-alpes","11":"tag-concert","12":"tag-eu","13":"tag-europe","14":"tag-fr","15":"tag-france","16":"tag-lady-gaga","17":"tag-ldlc-arena","18":"tag-loisirs-culture","19":"tag-lyon","20":"tag-news","21":"tag-republique-francaise"},"share_on_mastodon":{"url":"https:\/\/pubeurope.com\/@fr\/115553607622463110","error":""},"_links":{"self":[{"href":"https:\/\/www.europesays.com\/fr\/wp-json\/wp\/v2\/posts\/535912","targetHints":{"allow":["GET"]}}],"collection":[{"href":"https:\/\/www.europesays.com\/fr\/wp-json\/wp\/v2\/posts"}],"about":[{"href":"https:\/\/www.europesays.com\/fr\/wp-json\/wp\/v2\/types\/post"}],"author":[{"embeddable":true,"href":"https:\/\/www.europesays.com\/fr\/wp-json\/wp\/v2\/users\/2"}],"replies":[{"embeddable":true,"href":"https:\/\/www.europesays.com\/fr\/wp-json\/wp\/v2\/comments?post=535912"}],"version-history":[{"count":0,"href":"https:\/\/www.europesays.com\/fr\/wp-json\/wp\/v2\/posts\/535912\/revisions"}],"wp:featuredmedia":[{"embeddable":true,"href":"https:\/\/www.europesays.com\/fr\/wp-json\/wp\/v2\/media\/535913"}],"wp:attachment":[{"href":"https:\/\/www.europesays.com\/fr\/wp-json\/wp\/v2\/media?parent=535912"}],"wp:term":[{"taxonomy":"category","embeddable":true,"href":"https:\/\/www.europesays.com\/fr\/wp-json\/wp\/v2\/categories?post=535912"},{"taxonomy":"post_tag","embeddable":true,"href":"https:\/\/www.europesays.com\/fr\/wp-json\/wp\/v2\/tags?post=535912"}],"curies":[{"name":"wp","href":"https:\/\/api.w.org\/{rel}","templated":true}]}}