{"id":535916,"date":"2025-11-15T12:04:13","date_gmt":"2025-11-15T12:04:13","guid":{"rendered":"https:\/\/www.europesays.com\/fr\/535916\/"},"modified":"2025-11-15T12:04:13","modified_gmt":"2025-11-15T12:04:13","slug":"levenement-le-plus-insolite-du-week-end","status":"publish","type":"post","link":"https:\/\/www.europesays.com\/fr\/535916\/","title":{"rendered":"l\u2019\u00e9v\u00e9nement le plus insolite du week-end"},"content":{"rendered":"<p>                    Par<br \/>\n        <strong><br \/>\n            <a href=\"https:\/\/actu.fr\/auteur\/redaction-paris\" title=\"Consulter tous les articles de R\u00e9daction Paris\" target=\"_blank\" rel=\"noopener\">R\u00e9daction Paris<\/a><br \/>\n                    <\/strong><\/p>\n<p>        Publi\u00e9 le<\/p>\n<p>            15 nov. 2025 \u00e0 12h14        <\/p>\n<p>Ce dimanche 16 novembre, Paris va vivre une sc\u00e8ne <a href=\"https:\/\/actu.fr\/insolite\" target=\"_blank\" rel=\"noopener\">insolite<\/a> : une v\u00e9ritable <strong>marche de teckels<\/strong>, aussi joyeuse qu\u2019improbable. La <strong>Paris Sausage Walk<\/strong>, le rendez-vous annuel pour les amoureux de ces petits chiens allong\u00e9s aux airs de saucisses sur pattes, revient pour une nouvelle \u00e9dition. Voici tout ce qu\u2019il faut savoir sur l\u2019\u00e9v\u00e9nement.\u00a0<\/p>\n<p>Un \u00e9v\u00e8nement festif et solidaire<\/p>\n<p class=\" wall-content\">Chaque ann\u00e9e, la <a href=\"https:\/\/actu.fr\/tag\/balade\" target=\"_blank\" rel=\"noopener\">balade<\/a> attire des dizaines de teckels de toutes tailles et couleurs, des propri\u00e9taires passionn\u00e9s, des passants \u00e9bahis et des photographes \u00e0 l\u2019aff\u00fbt du clich\u00e9 parfait.<br \/>Son principe ? Une promenade collective dans un quartier de la capitale.\u00a0<\/p>\n<p class=\" wall-content\">Le concept vient du Royaume-Uni, o\u00f9 les marches de teckels sont tr\u00e8s populaires. Le format a ensuite essaim\u00e9 dans les grandes villes du monde. \u00c0 Paris, l\u2019\u00e9v\u00e9nement a \u00e9t\u00e9 lanc\u00e9 par une poign\u00e9e de passionn\u00e9s souhaitant cr\u00e9er un moment convivial, fun et ouvert \u00e0 tous.<\/p>\n<p class=\" wall-content\">Si l\u2019\u00e9v\u00e9nement est avant tout festif, il a aussi une dimension solidaire : soutenir l\u2019association \u00ab\u00a0Teckels sans doux foyer\u00a0\u00bb. Des goodies \u00e0 son profit seront disponibles d\u00e8s 10h30 au point de d\u00e9part.\u00a0<\/p>\n<p class=\" wall-content\">La marche se d\u00e9roule de 11h \u00e0 13h sur les quais de <a href=\"https:\/\/actu.fr\/tag\/la-seine\" target=\"_blank\" rel=\"noopener\">Seine<\/a>. Rendez-vous est donn\u00e9 sur l\u2019esplanade David Ben Gourion (Paris 7e), en face du Mus\u00e9e du quai Branly, c\u00f4t\u00e9 sortie RER C puis la marche se fera en direction du port de Solf\u00e9rino en face du <a href=\"https:\/\/actu.fr\/tag\/musee-d-orsay\" target=\"_blank\" rel=\"noopener\">mus\u00e9e d\u2019Orsay<\/a> avant le retour au point de d\u00e9part (1,9km aller\/3,8km Aller-retour). Il n\u2019est pas n\u00e9cessaire de s\u2019inscrire mais signalez votre intention de participer via ce <a href=\"https:\/\/docs.google.com\/forms\/d\/e\/1FAIpQLSdOx2FlvL0pyyyvUxE2cq6Fu7fKRCCadxp_IltSPC_Xe2KHzg\/viewform\" target=\"_blank\" rel=\"noopener\">questionnaire<\/a>.\u00a0<\/p>\n<p class=\" wall-content\">Personnalisez votre actualit\u00e9 en ajoutant vos villes et m\u00e9dias en favori avec <a href=\"https:\/\/moncompte.actu.fr\" title=\"D\u00e9couvez Mon Actu\" rel=\"nofollow noopener\" data-trk=\"{&quot;cta&quot;:{&quot;action&quot;:&quot;https:\\\/\\\/moncompte.actu.fr&quot;,&quot;category&quot;:&quot;mon compte&quot;,&quot;from&quot;:&quot;article footer&quot;,&quot;name&quot;:&quot;Mon actu&quot;,&quot;type&quot;:&quot;cta&quot;}}\" target=\"_blank\">Mon Actu<\/a>.<\/p>\n","protected":false},"excerpt":{"rendered":"Par R\u00e9daction Paris Publi\u00e9 le 15 nov. 2025 \u00e0 12h14 Ce dimanche 16 novembre, Paris va vivre une&hellip;\n","protected":false},"author":2,"featured_media":535917,"comment_status":"","ping_status":"","sticky":false,"template":"","format":"standard","meta":{"footnotes":""},"categories":[1888],"tags":[1111,1928,11,1927,4850,1777,674,1011,27,1757,12,1926,626,1925,25],"class_list":{"0":"post-535916","1":"post","2":"type-post","3":"status-publish","4":"format-standard","5":"has-post-thumbnail","7":"category-paris","8":"tag-actu","9":"tag-actu-paris","10":"tag-actualites","11":"tag-actualites-paris","12":"tag-chien","13":"tag-eu","14":"tag-europe","15":"tag-fr","16":"tag-france","17":"tag-insolite","18":"tag-news","19":"tag-news-paris","20":"tag-paris","21":"tag-paris-news","22":"tag-republique-francaise"},"share_on_mastodon":{"url":"https:\/\/pubeurope.com\/@fr\/115553623605766926","error":""},"_links":{"self":[{"href":"https:\/\/www.europesays.com\/fr\/wp-json\/wp\/v2\/posts\/535916","targetHints":{"allow":["GET"]}}],"collection":[{"href":"https:\/\/www.europesays.com\/fr\/wp-json\/wp\/v2\/posts"}],"about":[{"href":"https:\/\/www.europesays.com\/fr\/wp-json\/wp\/v2\/types\/post"}],"author":[{"embeddable":true,"href":"https:\/\/www.europesays.com\/fr\/wp-json\/wp\/v2\/users\/2"}],"replies":[{"embeddable":true,"href":"https:\/\/www.europesays.com\/fr\/wp-json\/wp\/v2\/comments?post=535916"}],"version-history":[{"count":0,"href":"https:\/\/www.europesays.com\/fr\/wp-json\/wp\/v2\/posts\/535916\/revisions"}],"wp:featuredmedia":[{"embeddable":true,"href":"https:\/\/www.europesays.com\/fr\/wp-json\/wp\/v2\/media\/535917"}],"wp:attachment":[{"href":"https:\/\/www.europesays.com\/fr\/wp-json\/wp\/v2\/media?parent=535916"}],"wp:term":[{"taxonomy":"category","embeddable":true,"href":"https:\/\/www.europesays.com\/fr\/wp-json\/wp\/v2\/categories?post=535916"},{"taxonomy":"post_tag","embeddable":true,"href":"https:\/\/www.europesays.com\/fr\/wp-json\/wp\/v2\/tags?post=535916"}],"curies":[{"name":"wp","href":"https:\/\/api.w.org\/{rel}","templated":true}]}}