{"id":535930,"date":"2025-11-15T12:11:17","date_gmt":"2025-11-15T12:11:17","guid":{"rendered":"https:\/\/www.europesays.com\/fr\/535930\/"},"modified":"2025-11-15T12:11:17","modified_gmt":"2025-11-15T12:11:17","slug":"royaume-uni-rachel-reeves-prevoit-une-nouvelle-taxe-sur-les-biens-immobiliers-de-grande-valeur","status":"publish","type":"post","link":"https:\/\/www.europesays.com\/fr\/535930\/","title":{"rendered":"Royaume-Uni\u00a0: Rachel Reeves pr\u00e9voit une nouvelle taxe sur les biens immobiliers de grande valeur"},"content":{"rendered":"<p>La ministre britannique des Finances, Rachel Reeves, s&rsquo;appr\u00eate \u00e0 introduire une nouvelle taxe sur les biens immobiliers de grande valeur dans le cadre de son prochain budget annuel, rapporte le Telegraph.<\/p>\n<p>Selon les pr\u00e9visions, Reeves devra mobiliser plusieurs dizaines de milliards de livres sterling afin de respecter les objectifs budg\u00e9taires fix\u00e9s, lors de la pr\u00e9sentation du budget pr\u00e9vue le 26 novembre.<\/p>\n<p>L&rsquo;article du Telegraph, publi\u00e9 tard vendredi soir, intervient apr\u00e8s une hausse des co\u00fbts d&#8217;emprunt du gouvernement britannique. Cette augmentation fait suite \u00e0 des informations selon lesquelles Reeves, dans un revirement politique majeur, n&rsquo;envisage plus d&rsquo;augmenter l&rsquo;imp\u00f4t sur le revenu dans son budget, gr\u00e2ce \u00e0 des perspectives budg\u00e9taires am\u00e9lior\u00e9es.<\/p>\n<p>D&rsquo;apr\u00e8s le Telegraph, plusieurs centaines de milliers de logements de grande valeur, principalement situ\u00e9s \u00e0 Londres et dans le sud-est du pays, seraient concern\u00e9s par cette nouvelle taxe.<\/p>\n<p>Un porte-parole du minist\u00e8re des Finances a d\u00e9clar\u00e9 que le d\u00e9partement \u00ab\u00a0ne commentera pas les sp\u00e9culations concernant des modifications fiscales en dehors des \u00e9v\u00e9nements budg\u00e9taires\u00a0\u00bb.<\/p>\n<p>Le journal indique que le gouvernement pr\u00e9voit d&rsquo;utiliser le syst\u00e8me existant de taxe d&rsquo;habitation pour r\u00e9\u00e9valuer, au cours des prochaines ann\u00e9es, 2,4\u00a0millions des propri\u00e9t\u00e9s les plus on\u00e9reuses, class\u00e9es dans les tranches F, G et H.<\/p>\n<p>Une nouvelle surtaxe distincte serait ensuite ajout\u00e9e aux factures de taxe d&rsquo;habitation existantes pour 300\u00a0000 des biens les plus pr\u00e9cieux au sein de ces tranches, pr\u00e9cise le Telegraph.<\/p>\n","protected":false},"excerpt":{"rendered":"La ministre britannique des Finances, Rachel Reeves, s&rsquo;appr\u00eate \u00e0 introduire une nouvelle taxe sur les biens immobiliers de&hellip;\n","protected":false},"author":2,"featured_media":535931,"comment_status":"","ping_status":"","sticky":false,"template":"","format":"standard","meta":{"footnotes":""},"categories":[1588],"tags":[11,340,1777,674,12,473,1853,1851,1850,1852],"class_list":{"0":"post-535930","1":"post","2":"type-post","3":"status-publish","4":"format-standard","5":"has-post-thumbnail","7":"category-royaume-uni","8":"tag-actualites","9":"tag-bourse","10":"tag-eu","11":"tag-europe","12":"tag-news","13":"tag-royaume-uni","14":"tag-royaume-uni-de-grande-bretagne-et-dirlande-du-nord","15":"tag-uk","16":"tag-united-kingdom","17":"tag-united-kingdom-of-great-britain-and-northern-ireland"},"share_on_mastodon":{"url":"https:\/\/pubeurope.com\/@fr\/115553650969073532","error":""},"_links":{"self":[{"href":"https:\/\/www.europesays.com\/fr\/wp-json\/wp\/v2\/posts\/535930","targetHints":{"allow":["GET"]}}],"collection":[{"href":"https:\/\/www.europesays.com\/fr\/wp-json\/wp\/v2\/posts"}],"about":[{"href":"https:\/\/www.europesays.com\/fr\/wp-json\/wp\/v2\/types\/post"}],"author":[{"embeddable":true,"href":"https:\/\/www.europesays.com\/fr\/wp-json\/wp\/v2\/users\/2"}],"replies":[{"embeddable":true,"href":"https:\/\/www.europesays.com\/fr\/wp-json\/wp\/v2\/comments?post=535930"}],"version-history":[{"count":0,"href":"https:\/\/www.europesays.com\/fr\/wp-json\/wp\/v2\/posts\/535930\/revisions"}],"wp:featuredmedia":[{"embeddable":true,"href":"https:\/\/www.europesays.com\/fr\/wp-json\/wp\/v2\/media\/535931"}],"wp:attachment":[{"href":"https:\/\/www.europesays.com\/fr\/wp-json\/wp\/v2\/media?parent=535930"}],"wp:term":[{"taxonomy":"category","embeddable":true,"href":"https:\/\/www.europesays.com\/fr\/wp-json\/wp\/v2\/categories?post=535930"},{"taxonomy":"post_tag","embeddable":true,"href":"https:\/\/www.europesays.com\/fr\/wp-json\/wp\/v2\/tags?post=535930"}],"curies":[{"name":"wp","href":"https:\/\/api.w.org\/{rel}","templated":true}]}}