{"id":535934,"date":"2025-11-15T12:14:20","date_gmt":"2025-11-15T12:14:20","guid":{"rendered":"https:\/\/www.europesays.com\/fr\/535934\/"},"modified":"2025-11-15T12:14:20","modified_gmt":"2025-11-15T12:14:20","slug":"voiture-chinoise-pourquoi-ne-casse-elle-pas-les-prix-en-europe","status":"publish","type":"post","link":"https:\/\/www.europesays.com\/fr\/535934\/","title":{"rendered":"Voiture chinoise : pourquoi ne casse-elle pas les prix en Europe ?"},"content":{"rendered":"<p><strong>Alors qu\u2019elles dominent le march\u00e9 en Chine avec des prix imbattables, les firmes chinoises n\u2019adoptent pas l\u2019approche \u201clow-cost\u201d en Europe.<\/strong><\/p>\n<p>Voil\u00e0 tr\u00e8s longtemps d\u00e9j\u00e0 que la psychologie a pris le pouvoir dans le secteur du marketing. Alors que les voitures \u00e9lectriques chinoises optent pour des tarifs fracass\u00e9s sur leur march\u00e9 int\u00e9rieur, ceux appliqu\u00e9s en Europe sont tr\u00e8s proches des constructeurs europ\u00e9ens, parfois m\u00eame plus \u00e9lev\u00e9s. Une strat\u00e9gie qui peut interpeller, mais qui r\u00e9pond \u00e0 une logique simple : prot\u00e9ger l\u2019image, rassurer le client et s\u2019int\u00e9grer \u00e0 un march\u00e9 automobile o\u00f9 le prix est un signal psychologique majeur.<\/p>\n<p><strong>Le prix comme signal de qualit\u00e9<\/strong><\/p>\n<p>Une r\u00e8gle est incontournable en Europe : le prix fait la valeur. Les constructeurs le savent : le prix ne sert pas seulement \u00e0 couvrir des co\u00fbts, il construit un imaginaire. \u2028Un v\u00e9hicule trop bon march\u00e9 provoquerait instantan\u00e9ment la suspicion : \u201cPourquoi est-ce aussi peu cher ? Est-ce fiable ? Est-ce s\u00e9curis\u00e9 ?\u201d<\/p>\n<p>Le consommateur europ\u00e9en associe spontan\u00e9ment prix \u00e0 la qualit\u00e9. Dans ce contexte, arriver avec une voiture 30 % moins ch\u00e8re que Peugeot, Renault ou Volkswagen serait contre-productif. Cela placerait les nouveaux acteurs dans la case \u201clow-cost\u201d, durablement. Or aucune marque chinoise ne veut devenir le \u201cnouveau Dacia\u201d.\u2028 Pas parce que Dacia est un \u00e9chec \u2013 au contraire, c\u2019est une success story \u2013 mais parce qu\u2019une \u00e9tiquette low-cost reste tr\u00e8s difficile \u00e0 effacer.<\/p>\n<p>Le march\u00e9 \u00e9lectrique rend encore plus sensible cette perception. Dans l\u2019imaginaire collectif, une voiture \u00e9lectrique doit \u00eatre :<br \/>\u2022 hautement technologique,<br \/>\u2022 s\u00fbre,<br \/>\u2022 dot\u00e9e de syst\u00e8mes complexes,<br \/>\u2022 gage de qualit\u00e9 de batterie.<br \/>Un prix trop bas contredit ce r\u00e9cit. Les constructeurs chinois le savent parfaitement.<\/p>\n<p class=\"cross-article__title\">\n        Cet article pourraitvous int\u00e9resser :    <\/p>\n<p>            <img decoding=\"async\" src=\"https:\/\/www.europesays.com\/fr\/wp-content\/uploads\/2025\/11\/Volkswagen-Tesla-Supercharger-NACS-adapter.jpg\"   alt=\"\"\/><\/p>\n<p>            <a href=\"https:\/\/mobiwisy.fr\/voiture\/electrique\/superchargers-tesla-volkswagen-revolutionne-sa-recharge\" target=\"_blank\" rel=\"noopener\"><br \/>\n                Superchargers Tesla : Volkswagen r\u00e9volutionne sa recharge            <\/a><\/p>\n<p><strong>L\u2019Europe : un march\u00e9 o\u00f9 l\u2019implantation co\u00fbte cher<\/strong><\/p>\n<p>\u00c0 cela s\u2019ajoute un point essentiel : les co\u00fbts pour vendre une voiture en Europe sont beaucoup plus \u00e9lev\u00e9s qu\u2019en Chine, ce qui rend impossible de reproduire les tarifs domestiques. Les surco\u00fbts \u00e0 l\u2019importation comprennent :<br \/>\u2022 les droits de douane (renforc\u00e9s en 2024-2025 par la Commission europ\u00e9enne),<br \/>\u2022 le transport maritime,<br \/>\u2022 les normes europ\u00e9ennes (s\u00e9curit\u00e9, ADAS, recyclabilit\u00e9, logiciels),<br \/>\u2022 les tests sp\u00e9cifiques pour les crash-tests Euro NCAP,<br \/>\u2022 la cr\u00e9ation d\u2019un r\u00e9seau de distribution et de service,<br \/>\u2022 l\u2019adaptation du software (langues, services connect\u00e9s, cartes europ\u00e9ennes).<br \/>Si bien qu\u2019un mod\u00e8le vendu 18 000 euros en Chine termine souvent \u00e0 plus de 28 000 euros une fois en Europe. Ce n\u2019est pas une inflation artificielle : c\u2019est simplement le co\u00fbt r\u00e9el d\u2019une implantation.<\/p>\n<p>Pour se faire une place en Europe, les marques chinoises ont plut\u00f4t choisi un autre angle :\u2028 proposer plus d\u2019\u00e9quipements pour un prix \u00e9quivalent. C\u2019est exactement ce qui fonctionne aujourd\u2019hui avec les \u00e9crans g\u00e9ants, la connectivit\u00e9 avanc\u00e9e et des gadgets (superflus souvent) un peu partout.<\/p>\n<p>Contrairement \u00e0 l\u2019image parfois v\u00e9hicul\u00e9e en Europe, les constructeurs chinois ne se voient pas comme des outsiders.\u2028 En Chine, <a href=\"https:\/\/www.byd.com\/fr\" target=\"_blank\" rel=\"noopener\">BYD<\/a>, Denza, NIO, Li Auto ou Zeekr rivalisent d\u00e9j\u00e0 avec les premium allemands, parfois m\u00eame en prenant l\u2019avantage sur la technologie embarqu\u00e9e. Arriver en Europe avec des prix trop bas briserait cette ambition. \u2028Ils veulent \u00eatre per\u00e7us comme modernes, innovants et cr\u00e9dibles face \u00e0 <a href=\"https:\/\/mobiwisy.fr\/marque\/tesla\" target=\"_blank\" rel=\"noopener\">Tesla<\/a>, BMW, Renault ou Mercedes.<\/p>\n<p><strong>Vers une baisse des prix dans les ann\u00e9es \u00e0 venir ?<\/strong><\/p>\n<p>La voiture \u00e9lectrique n\u2019est pas encore \u00e0 son \u00ab\u00a0juste prix\u00a0\u00bb. Les constructeurs la vend ch\u00e8re pour amortir rapidement leurs investissements gigantesques, mais le sens de l\u2019histoire sera une baisse lente et continuelle des tarifs. L\u2019arriv\u00e9e des futures usines europ\u00e9ennes des firmes chinoises (BYD en Hongrie, <a href=\"https:\/\/www.leapmotor.net\/fr\" target=\"_blank\" rel=\"noopener\">Leapmotor<\/a> via Stellantis, potentiels futurs sites Zeekr ou NIO) pourrait encore r\u00e9duire les co\u00fbts en contournant les taxes douani\u00e8res. Mais ces baisses ne seront probablement jamais radicales, car cela brouillerait la strat\u00e9gie de mont\u00e9e en gamme patiemment construite.<\/p>\n<p><strong>\u00c0 LIRE AUSSI : <a href=\"https:\/\/mobiwisy.fr\/voiture\/electrique\/superchargers-tesla-volkswagen-revolutionne-sa-recharge\" target=\"_blank\" rel=\"noopener\">Superchargers Tesla : Volkswagen r\u00e9volutionne sa recharge<\/a><\/strong><\/p>\n","protected":false},"excerpt":{"rendered":"Alors qu\u2019elles dominent le march\u00e9 en Chine avec des prix imbattables, les firmes chinoises n\u2019adoptent pas l\u2019approche \u201clow-cost\u201d&hellip;\n","protected":false},"author":2,"featured_media":535935,"comment_status":"","ping_status":"","sticky":false,"template":"","format":"standard","meta":{"footnotes":""},"categories":[1586],"tags":[11,15191,309,1777,674,1011,27,12,2141,25],"class_list":{"0":"post-535934","1":"post","2":"type-post","3":"status-publish","4":"format-standard","5":"has-post-thumbnail","7":"category-europe","8":"tag-actualites","9":"tag-byd","10":"tag-chine","11":"tag-eu","12":"tag-europe","13":"tag-fr","14":"tag-france","15":"tag-news","16":"tag-prix","17":"tag-republique-francaise"},"share_on_mastodon":{"url":"https:\/\/pubeurope.com\/@fr\/115553663479236146","error":""},"_links":{"self":[{"href":"https:\/\/www.europesays.com\/fr\/wp-json\/wp\/v2\/posts\/535934","targetHints":{"allow":["GET"]}}],"collection":[{"href":"https:\/\/www.europesays.com\/fr\/wp-json\/wp\/v2\/posts"}],"about":[{"href":"https:\/\/www.europesays.com\/fr\/wp-json\/wp\/v2\/types\/post"}],"author":[{"embeddable":true,"href":"https:\/\/www.europesays.com\/fr\/wp-json\/wp\/v2\/users\/2"}],"replies":[{"embeddable":true,"href":"https:\/\/www.europesays.com\/fr\/wp-json\/wp\/v2\/comments?post=535934"}],"version-history":[{"count":0,"href":"https:\/\/www.europesays.com\/fr\/wp-json\/wp\/v2\/posts\/535934\/revisions"}],"wp:featuredmedia":[{"embeddable":true,"href":"https:\/\/www.europesays.com\/fr\/wp-json\/wp\/v2\/media\/535935"}],"wp:attachment":[{"href":"https:\/\/www.europesays.com\/fr\/wp-json\/wp\/v2\/media?parent=535934"}],"wp:term":[{"taxonomy":"category","embeddable":true,"href":"https:\/\/www.europesays.com\/fr\/wp-json\/wp\/v2\/categories?post=535934"},{"taxonomy":"post_tag","embeddable":true,"href":"https:\/\/www.europesays.com\/fr\/wp-json\/wp\/v2\/tags?post=535934"}],"curies":[{"name":"wp","href":"https:\/\/api.w.org\/{rel}","templated":true}]}}