{"id":535949,"date":"2025-11-15T12:26:16","date_gmt":"2025-11-15T12:26:16","guid":{"rendered":"https:\/\/www.europesays.com\/fr\/535949\/"},"modified":"2025-11-15T12:26:16","modified_gmt":"2025-11-15T12:26:16","slug":"soren-bruyere-joumard-un-peu-de-mal-a-me-mettre-dedans-actualite","status":"publish","type":"post","link":"https:\/\/www.europesays.com\/fr\/535949\/","title":{"rendered":"Soren Bruy\u00e8re Joumard : \u00ab Un peu de mal \u00e0 me mettre dedans \u00bb &#8211; Actualit\u00e9"},"content":{"rendered":"<p style=\"text-align: justify;\"><strong><a href=\"https:\/\/www.directvelo.com\/coureur\/53220\/soren-bruyere-joumard\" target=\"_blank\" rel=\"noopener\">Soren Bruy\u00e8re Joumard<\/a><\/strong>\u00a0n&rsquo;a toujours pas \u00e9t\u00e9 battu sur la Coupe de France. Apr\u00e8s le doubl\u00e9 d&rsquo;Albi, <strong><a href=\"https:\/\/www.directvelo.com\/actualite\/125351\/cc-coupe-de-france-quelneuc-u19-hommes-1-soren-bruyere-joumard-1er\" target=\"_blank\" rel=\"noopener\">le coureur de Seyssinet-Seyssins a de nouveau triomph\u00e9 \u00e0 Quelneuc<\/a><\/strong>, ce samedi, sur l&rsquo;\u00e9preuve Juniors. Pourtant, son d\u00e9but de course n&rsquo;a pas \u00e9t\u00e9 tonitruant et il lui a fallu un peu de temps pour imposer sa loi. \u00ab\u00a0Les sensations \u00e9taient pas mal, physiquement \u00e7a allait bien, mais techniquement, sur les deux premiers tours, j&rsquo;avais un peu de mal \u00e0 me mettre dedans. Apr\u00e8s c&rsquo;est la premi\u00e8re fois que c&rsquo;est aussi boueux, donc forc\u00e9ment c&rsquo;est un peu sp\u00e9cial de s&rsquo;y remettre\u00a0\u00bb.<\/p>\n<p>Au d\u00e9part, il y avait du monde sur son porte-bagages. \u00ab\u00a0Ce d\u00e9part n&rsquo;\u00e9tait pas forc\u00e9ment un choix, j&rsquo;ai fait un peu comme je pouvais. Dans les deux premiers tours, j&rsquo;ai eu du mal \u00e0 passer, \u00e0 embrayer, et en m\u00eame temps \u00eatre propre techniquement\u00a0\u00bb. \u00c0 la bagarre avec Pierre Le Bourhis notamment, Soren Bruy\u00e8re Joumard a eu du mal \u00e0 s&rsquo;en d\u00e9faire. \u00ab\u00a0J&rsquo;allais plus vite que lui, mais je faisais tout le temps des petites erreurs. Du coup, \u00e7a me faisait tout le temps perdre un peu de temps, et il \u00e9tait toujours l\u00e0. Mais apr\u00e8s \u00e7a allait mieux. Dans les tours d&rsquo;apr\u00e8s, j&rsquo;ai pu me d\u00e9bloquer, c&rsquo;\u00e9tait agr\u00e9able\u00a0\u00bb.<\/p>\n<p><strong>UN D\u00c9BLOCAGE PSYCHOLOGIQUE MAIS UNE PETITE CHUTE QUAND M\u00caME<\/strong><\/p>\n<p>En effet, le vainqueur de la derni\u00e8re Coupe du Monde a fini par trouver ses marques. Notamment gr\u00e2ce \u00e0 des adaptations de mat\u00e9riel. \u00ab\u00a0On a le probl\u00e8me que c&rsquo;est tr\u00e8s caillouteux, il y a beaucoup de racines, du coup c&rsquo;est assez difficile de descendre en pression. Donc on a gonfl\u00e9 un peu plus fort que d&rsquo;habitude, et j&rsquo;ai descendu un peu pendant la course, \u00e7a allait un peu mieux. Peut-\u00eatre que \u00e7a m&rsquo;a mis un peu plus en confiance, m\u00eame si ce n&rsquo;\u00e9tait que psychologique\u00a0\u00bb.<\/p>\n<p>Le repr\u00e9sentant de Decathlon AG2R La Mondiale a quand m\u00eame eu un petit accident en cours de route. \u00ab\u00a0C&rsquo;est assez dur d&rsquo;adh\u00e9rer bien et de prendre les bonnes traces. Je suis tomb\u00e9 dans le dernier tour \u00e0 cause d&rsquo;une petite erreur de ma part, mais je suis tr\u00e8s content, c&rsquo;est une tr\u00e8s bonne course\u00a0\u00bb, pr\u00e9f\u00e8re-t-il retenir, avant de penser \u00e0 la premi\u00e8re \u00e9ch\u00e9ance en Coupe du Monde, la semaine prochaine \u00e0 Tabor, o\u00f9 il aura \u00e0 c\u0153ur d&rsquo;afficher une meilleure forme. \u00ab\u00a0J&rsquo;ai fait un vaccin en d\u00e9but de semaine, je pense que j&rsquo;ai encore quelques r\u00e9sidus de \u00e7a, mais ce n&rsquo;est pas grave\u00a0\u00bb. Jusqu&rsquo;\u00e0 pr\u00e9sent, \u00e7a n&#8217;emp\u00eache pas Soren Bruy\u00e8re Joumard de gagner.<\/p>\n","protected":false},"excerpt":{"rendered":"Soren Bruy\u00e8re Joumard\u00a0n&rsquo;a toujours pas \u00e9t\u00e9 battu sur la Coupe de France. Apr\u00e8s le doubl\u00e9 d&rsquo;Albi, le coureur&hellip;\n","protected":false},"author":2,"featured_media":535950,"comment_status":"","ping_status":"","sticky":false,"template":"","format":"standard","meta":{"footnotes":""},"categories":[1411],"tags":[834,828,836,829,837,827,83,826,824,823,1154,207,814,817,815,816,822,821,832,211,839,1011,27,820,818,819,835,831,830,833,838,60,212,208,825],"class_list":{"0":"post-535949","1":"post","2":"type-post","3":"status-publish","4":"format-standard","5":"has-post-thumbnail","7":"category-cyclisme","8":"tag-attaque","9":"tag-belgique","10":"tag-braquet","11":"tag-bretagne","12":"tag-chute","13":"tag-competition","14":"tag-coupe-de-france","15":"tag-coureur","16":"tag-course-cyclisme","17":"tag-course-cycliste","18":"tag-cycling","19":"tag-cyclisme","20":"tag-direct","21":"tag-direct-velo","22":"tag-directvelo","23":"tag-directvelo-com","24":"tag-epreuve","25":"tag-epreuve-cycliste","26":"tag-federation-francaise-de-cyclisme","27":"tag-ffc","28":"tag-flandres","29":"tag-fr","30":"tag-france","31":"tag-live","32":"tag-live-course","33":"tag-live-epreuve","34":"tag-peloton","35":"tag-radio-peloton","36":"tag-radio-tour","37":"tag-ravitaillement","38":"tag-relance","39":"tag-sports","40":"tag-uci","41":"tag-velo","42":"tag-velos"},"share_on_mastodon":{"url":"https:\/\/pubeurope.com\/@fr\/115553710134854743","error":""},"_links":{"self":[{"href":"https:\/\/www.europesays.com\/fr\/wp-json\/wp\/v2\/posts\/535949","targetHints":{"allow":["GET"]}}],"collection":[{"href":"https:\/\/www.europesays.com\/fr\/wp-json\/wp\/v2\/posts"}],"about":[{"href":"https:\/\/www.europesays.com\/fr\/wp-json\/wp\/v2\/types\/post"}],"author":[{"embeddable":true,"href":"https:\/\/www.europesays.com\/fr\/wp-json\/wp\/v2\/users\/2"}],"replies":[{"embeddable":true,"href":"https:\/\/www.europesays.com\/fr\/wp-json\/wp\/v2\/comments?post=535949"}],"version-history":[{"count":0,"href":"https:\/\/www.europesays.com\/fr\/wp-json\/wp\/v2\/posts\/535949\/revisions"}],"wp:featuredmedia":[{"embeddable":true,"href":"https:\/\/www.europesays.com\/fr\/wp-json\/wp\/v2\/media\/535950"}],"wp:attachment":[{"href":"https:\/\/www.europesays.com\/fr\/wp-json\/wp\/v2\/media?parent=535949"}],"wp:term":[{"taxonomy":"category","embeddable":true,"href":"https:\/\/www.europesays.com\/fr\/wp-json\/wp\/v2\/categories?post=535949"},{"taxonomy":"post_tag","embeddable":true,"href":"https:\/\/www.europesays.com\/fr\/wp-json\/wp\/v2\/tags?post=535949"}],"curies":[{"name":"wp","href":"https:\/\/api.w.org\/{rel}","templated":true}]}}