{"id":535953,"date":"2025-11-15T12:28:13","date_gmt":"2025-11-15T12:28:13","guid":{"rendered":"https:\/\/www.europesays.com\/fr\/535953\/"},"modified":"2025-11-15T12:28:13","modified_gmt":"2025-11-15T12:28:13","slug":"coup-de-theatre-a-la-star-academy-qui-permet-a-leane-de-poursuivre-laventure","status":"publish","type":"post","link":"https:\/\/www.europesays.com\/fr\/535953\/","title":{"rendered":"coup de th\u00e9\u00e2tre \u00e0 la \u00ab\u00a0Star Academy\u00a0\u00bb qui permet \u00e0 L\u00e9ane de poursuivre l&rsquo;aventure"},"content":{"rendered":"<p>La <a href=\"https:\/\/www.laprovence.com\/article\/culture-loisirs\/36951591581179\/star-academy-de-retour-date-de-diffusion-nouveaux-profs-ce-quil-faut-savoir-sur-ledition-2025\" target=\"_blank\" rel=\"noopener\">Star Academy<\/a> a connu ce vendredi soir une fin peu commune. Une nouvelle fois programm\u00e9e en semaine au lieu du traditionnel samedi soir en raison du match de rugby France-Fidji, le t\u00e9l\u00e9crochet de TF1 consacr\u00e9 son prime aux \u00ab\u00a0anciens \u00e9l\u00e8ves\u00a0\u00bb.\u00a0<\/p>\n<p>Marine, Anisha, Julien Lieb, Ebony ou encore <a href=\"https:\/\/www.laprovence.com\/article\/culture-loisirs\/62979075786022\/nrj-music-awards-2025-lenie-helena-pierre-les-anciens-de-la-star-academy-triomphent-les-moments-forts-de-la-soiree\" target=\"_blank\" rel=\"noopener\">la Ciotadenne Lenie<\/a> ont r\u00e9pondu pr\u00e9sent pour partager des duos avec les candidats de cette nouvelle saison. De nombreux moments qui vont s&rsquo;encha\u00eener entre prestations vocales \u00e9mouvantes et chor\u00e9graphies bluffantes.<\/p>\n<p>Ce n&rsquo;est que peu avant minuit que Nikos Aliagas, en ma\u00eetre de c\u00e9r\u00e9monie &#8211; mais donc pas des horloges &#8211; appelle au moment crucial de cette soir\u00e9e : l&rsquo;\u00e9limination.<\/p>\n<p>\u00ab\u00a0Je suis s\u00fbre de ma d\u00e9cision\u00a0\u00bb<\/p>\n<p>Sur le banc des nomin\u00e9s : Th\u00e9o L., Ema et L\u00e9ane. Le public vote en faveur du jeune homme. L&rsquo;aventure pour une des deux candidates d\u00e9pend donc, normalement, des autres habitants du ch\u00e2teau. \u00ab\u00a0J&rsquo;ai \u00e9t\u00e9 sauv\u00e9e deux fois, c&rsquo;est \u00e0 toi maintenant\u00a0\u00bb, l\u00e2che Ema. La jeune femme d\u00e9cide donc de mettre un terme \u00e0 son aventure \u00e0 la Star Ac&rsquo;. \u00ab\u00a0Je suis s\u00fbre de ma d\u00e9cision\u00a0\u00bb, ajoute-t-elle face \u00e0 la surprise g\u00e9n\u00e9rale et notamment des autres acad\u00e9miciens. C&rsquo;est \u00ab\u00a0la premi\u00e8re fois dans l&rsquo;histoire\u00a0\u00bb du programme se souvient le pr\u00e9sentateur.<\/p>\n<p>Comme le rapporte notamment le site du <a href=\"https:\/\/www.leparisien.fr\/culture-loisirs\/tv\/star-academy-coup-de-theatre-ema-abandonne-et-sauve-leane-15-11-2025-OAKPSMM4WVAHVAVK443UVSBSXM.php\" target=\"_blank\" rel=\"noopener\">Parisien<\/a>, la jeune femme a justifi\u00e9 sa d\u00e9cision lors de l&rsquo;after diffus\u00e9 apr\u00e8s le prime. \u00ab\u00a0Je voulais \u00eatre juste. Je voulais partir la t\u00eate haute, j&rsquo;ai envie d&rsquo;\u00e9crire des chansons et les partager avec ceux qui veulent me suivre, commente-t-elle. Je voulais sortir plus forte que lorsque je suis entr\u00e9e et l\u00e0, je me sens plus forte\u00a0\u00bb.<\/p>\n<p>La Star Academy a \u00e9t\u00e9 suivie ce vendredi soir par plus de 3 millions de t\u00e9l\u00e9spectateurs en moyenne, selon des chiffres de m\u00e9diam\u00e9trie relay\u00e9s par le site sp\u00e9cialis\u00e9 <a href=\"https:\/\/www.ozap.com\/actu\/audiences-la-speciale-anciens-eleves-a-t-elle-booste-les-audiences-de-la-star-academy-sur-tf1-face-a-pekin-express-sur-m6\/652403\" target=\"_blank\" rel=\"noopener\">Pure m\u00e9dias<\/a>. La semaine derni\u00e8re, le programme avait connu une l\u00e9g\u00e8re baisse en raison du changement du jour de diffusion.<\/p>\n","protected":false},"excerpt":{"rendered":"La Star Academy a connu ce vendredi soir une fin peu commune. Une nouvelle fois programm\u00e9e en semaine&hellip;\n","protected":false},"author":2,"featured_media":535954,"comment_status":"","ping_status":"","sticky":false,"template":"","format":"standard","meta":{"footnotes":""},"categories":[1359],"tags":[17,1102,3952,251,58,59,3395,1011,27,4743,23058,973,3051,974,1347],"class_list":{"0":"post-535953","1":"post","2":"type-post","3":"status-publish","4":"format-standard","5":"has-post-thumbnail","7":"category-people","8":"tag-17","9":"tag-breakingnews","10":"tag-coup","11":"tag-culture","12":"tag-divertissement","13":"tag-entertainment","14":"tag-fois","15":"tag-fr","16":"tag-france","17":"tag-la","18":"tag-lhistoire","19":"tag-people","20":"tag-premiere","21":"tag-star","22":"tag-theatre"},"share_on_mastodon":{"url":"https:\/\/pubeurope.com\/@fr\/115553717944265193","error":""},"_links":{"self":[{"href":"https:\/\/www.europesays.com\/fr\/wp-json\/wp\/v2\/posts\/535953","targetHints":{"allow":["GET"]}}],"collection":[{"href":"https:\/\/www.europesays.com\/fr\/wp-json\/wp\/v2\/posts"}],"about":[{"href":"https:\/\/www.europesays.com\/fr\/wp-json\/wp\/v2\/types\/post"}],"author":[{"embeddable":true,"href":"https:\/\/www.europesays.com\/fr\/wp-json\/wp\/v2\/users\/2"}],"replies":[{"embeddable":true,"href":"https:\/\/www.europesays.com\/fr\/wp-json\/wp\/v2\/comments?post=535953"}],"version-history":[{"count":0,"href":"https:\/\/www.europesays.com\/fr\/wp-json\/wp\/v2\/posts\/535953\/revisions"}],"wp:featuredmedia":[{"embeddable":true,"href":"https:\/\/www.europesays.com\/fr\/wp-json\/wp\/v2\/media\/535954"}],"wp:attachment":[{"href":"https:\/\/www.europesays.com\/fr\/wp-json\/wp\/v2\/media?parent=535953"}],"wp:term":[{"taxonomy":"category","embeddable":true,"href":"https:\/\/www.europesays.com\/fr\/wp-json\/wp\/v2\/categories?post=535953"},{"taxonomy":"post_tag","embeddable":true,"href":"https:\/\/www.europesays.com\/fr\/wp-json\/wp\/v2\/tags?post=535953"}],"curies":[{"name":"wp","href":"https:\/\/api.w.org\/{rel}","templated":true}]}}