{"id":535963,"date":"2025-11-15T12:34:17","date_gmt":"2025-11-15T12:34:17","guid":{"rendered":"https:\/\/www.europesays.com\/fr\/535963\/"},"modified":"2025-11-15T12:34:17","modified_gmt":"2025-11-15T12:34:17","slug":"le-lien-mysterieux-entre-la-possession-de-chats-et-la-schizophrenie-est-reel-selon-une-etude","status":"publish","type":"post","link":"https:\/\/www.europesays.com\/fr\/535963\/","title":{"rendered":"Le lien myst\u00e9rieux entre la possession de chats et la schizophr\u00e9nie est r\u00e9el, selon une \u00e9tude"},"content":{"rendered":"<p>En d\u00e9cembre 2023, une \u00e9quipe de chercheurs australiens a publi\u00e9 une analyse r\u00e9volutionnaire dans le <a href=\"https:\/\/academic.oup.com\/schizophreniabulletin\/article-abstract\/50\/3\/489\/7458104?redirectedFrom=fulltext&amp;login=false\" title=\"La possession d&#039;un chat et les troubles li\u00e9s \u00e0 la schizophr\u00e9nie et les exp\u00e9riences psychotiques : une revue syst\u00e9matique et une m\u00e9ta-analyse\" target=\"_blank\" rel=\"noopener\">Schizophrenia Bulletin<\/a>. Cette \u00e9tude remet en question notre perception des <a href=\"https:\/\/www.futura-sciences.com\/planete\/breves\/chat-chats-domestiques-contaminent-animaux-sauvages-5365\/\" title=\"Les chats domestiques contaminent les animaux sauvages\" target=\"_blank\" rel=\"noopener\">chats domestiques<\/a>, en sugg\u00e9rant un lien potentiel entre leur pr\u00e9sence au foyer et un risque accru de d\u00e9velopper des troubles schizophr\u00e8nes. Bien que cette d\u00e9couverte soul\u00e8ve de nombreuses interrogations, elle ouvre \u00e9galement de nouvelles perspectives sur les facteurs environnementaux pouvant influencer notre sant\u00e9 mentale.<\/p>\n<p>\u00a0<\/p>\n<p>Malgr\u00e9 son air hautain, le chat est plus attach\u00e9 \u00e0 ses humains qu&rsquo;il n&rsquo;y para\u00eet. Retracez l&rsquo;histoire de son \u00e9volution \u00e0 nos c\u00f4t\u00e9s dans <a href=\"https:\/\/linktr.ee\/Betes_de_Science\" target=\"_blank\" rel=\"noopener\">B\u00eates de Science<\/a>. \u00a9 FuturaLe parasite Toxoplasma gondii : un suspect inattendu<\/p>\n<p>Au c\u0153ur de cette \u00e9nigme se trouve\u00a0<a href=\"https:\/\/www.futura-sciences.com\/sante\/actualites\/toxoplasma-gondii-toxoplasma-gondii-nouveau-biomarqueur-detecter-presence-chronique-85761\/\" title=\"Toxoplasma gondii : un nouveau biomarqueur pour d\u00e9tecter sa pr\u00e9sence chronique\" target=\"_blank\" rel=\"noopener\">Toxoplasma gondii<\/a>, un <a href=\"https:\/\/www.futura-sciences.com\/planete\/definitions\/zoologie-parasite-2126\/\" target=\"_blank\" rel=\"noopener\">parasite<\/a> microscopique souvent associ\u00e9 aux chats. Ce micro-organisme, g\u00e9n\u00e9ralement inoffensif pour la plupart des gens, pourrait jouer un r\u00f4le insoup\u00e7onn\u00e9 dans le d\u00e9veloppement de <a href=\"https:\/\/www.futura-sciences.com\/sante\/actualites\/medecine-majorite-troubles-mentaux-debutent-adolescence-92222\/\" title=\"La majorit\u00e9 des troubles mentaux d\u00e9butent \u00e0 l&#039;adolescence\" target=\"_blank\" rel=\"noopener\">troubles mentaux<\/a>. Voici quelques points cl\u00e9s \u00e0 retenir :<\/p>\n<ul dir=\"ltr\">\n<li role=\"presentation\"><a href=\"https:\/\/www.futura-sciences.com\/sciences\/definitions\/tritium-tritium-21507\/\" target=\"_blank\" rel=\"noopener\">T<\/a>. gondii peut se transmettre par la viande peu cuite, l&rsquo;eau contamin\u00e9e\u00a0ou le contact avec des chats infect\u00e9s ;<\/li>\n<li role=\"presentation\">environ 40 millions d&rsquo;Am\u00e9ricains seraient porteurs du parasite, souvent sans sympt\u00f4mes ;<\/li>\n<li role=\"presentation\">une fois dans l&rsquo;organisme, T. gondii peut infiltrer le syst\u00e8me nerveux central et influencer les neurotransmetteurs.<\/li>\n<\/ul>\n<p>Le Dr John McGrath et son \u00e9quipe du Queensland Centre for Mental Health Research ont analys\u00e9 des \u00e9tudes men\u00e9es depuis 1995, date \u00e0 laquelle l&rsquo;hypoth\u00e8se d&rsquo;un lien entre les chats et la <a href=\"https:\/\/www.futura-sciences.com\/sante\/actualites\/medecine-schizophrenie-detectable-simple-meche-cheveux-40672\/\" title=\"La schizophr\u00e9nie d\u00e9tectable dans une simple m\u00e8che de cheveux ?\" target=\"_blank\" rel=\"noopener\">schizophr\u00e9nie<\/a> a \u00e9t\u00e9 propos\u00e9e pour la premi\u00e8re fois. Leurs r\u00e9sultats sugg\u00e8rent que les personnes expos\u00e9es aux chats ont environ deux fois plus de risques de d\u00e9velopper des troubles schizophr\u00e8nes.<\/p>\n<p class=\"fs-media\">\n<p><img decoding=\"async\" data-imgid=\"full\" src=\"https:\/\/www.europesays.com\/fr\/wp-content\/uploads\/2025\/11\/chat-maladie-schizophenie.png\" width=\"1080\" height=\"720\" alt=\"\" loading=\"lazy\"\/><br \/>\nVous avez un chat ? Cette \u00e9tude sur la schizophr\u00e9nie nous fait d\u00e9couvrir la face cach\u00e9e des ronrons et comprendre le lien entre chats et troubles mentaux. \u00a9 brightstars, iStock<\/p>\n<p>Une relation complexe entre f\u00e9lins et sant\u00e9 mentale<\/p>\n<p>L&rsquo;\u00e9tude australienne met en <a href=\"https:\/\/www.futura-sciences.com\/sciences\/definitions\/physique-lumiere-326\/\" target=\"_blank\" rel=\"noopener\">lumi\u00e8re<\/a> une corr\u00e9lation intrigante, mais il est essentiel de noter que corr\u00e9lation n&rsquo;implique pas causalit\u00e9. Les chercheurs soulignent plusieurs points importants :<\/p>\n<tr>\n<td>\n<p>Aspect<\/p>\n<\/td>\n<td>\n<p>Observation<\/p>\n<\/td>\n<\/tr>\n<tr>\n<td>\n<p>Qualit\u00e9 des \u00e9tudes<\/p>\n<\/td>\n<td>\n<p>Vari\u00e9e, avec certaines de faible qualit\u00e9<\/p>\n<\/td>\n<\/tr>\n<tr>\n<td>\n<p>Coh\u00e9rence des r\u00e9sultats<\/p>\n<\/td>\n<td>\n<p>Incoh\u00e9rente entre les diff\u00e9rentes \u00e9tudes<\/p>\n<\/td>\n<\/tr>\n<tr>\n<td>\n<p>P\u00e9riode critique d&rsquo;exposition<\/p>\n<\/td>\n<td>\n<p>Mal d\u00e9finie, potentiellement entre 9 et 12 ans<\/p>\n<\/td>\n<\/tr>\n<p>Une \u00e9tude am\u00e9ricaine impliquant 354 \u00e9tudiants en psychologie n&rsquo;a pas trouv\u00e9 de lien direct entre la possession d&rsquo;un chat et les scores de schizotypie. Toutefois, elle a r\u00e9v\u00e9l\u00e9 que les personnes ayant \u00e9t\u00e9 <a href=\"https:\/\/www.futura-sciences.com\/sante\/actualites\/infection-mordu-chat-homme-infecte-bacterie-inconnue-106961\/\" title=\"Mordu par un chat, un homme est infect\u00e9 par une bact\u00e9rie inconnue\" target=\"_blank\" rel=\"noopener\">mordues par un chat<\/a> pr\u00e9sentaient des scores plus \u00e9lev\u00e9s sur certaines \u00e9chelles psychologiques.<\/p>\n<p>Au-del\u00e0 du Toxoplasma, d&rsquo;autres pistes \u00e0 explorer<\/p>\n<p>Si le T. gondii reste le principal suspect, d&rsquo;autres facteurs pourraient expliquer cette association myst\u00e9rieuse. Des chercheurs ont sugg\u00e9r\u00e9 que d&rsquo;autres <a href=\"https:\/\/www.futura-sciences.com\/sante\/dossiers\/medecine-alimentation-quotidien-risques-1564\/page\/4\/\" title=\"Agents pathog\u00e8nes : les sympt\u00f4mes\" target=\"_blank\" rel=\"noopener\">pathog\u00e8nes<\/a>, comme\u00a0Pasteurella multocida, pourraient \u00e9galement jouer un r\u00f4le. Cette bact\u00e9rie, pr\u00e9sente dans la <a href=\"https:\/\/www.futura-sciences.com\/sante\/definitions\/medecine-salive-9162\/\" target=\"_blank\" rel=\"noopener\">salive<\/a> des chats, pourrait influencer certains aspects de notre psychologie.<\/p>\n<p>Il est central de souligner que cette d\u00e9couverte ne doit pas conduire \u00e0 une panique injustifi\u00e9e. Les auteurs de l&rsquo;\u00e9tude appellent \u00e0 la prudence et \u00e0 la r\u00e9alisation de recherches suppl\u00e9mentaires de haute qualit\u00e9. Ils recommandent :<\/p>\n<ol dir=\"ltr\">\n<li role=\"presentation\">Des \u00e9tudes bas\u00e9es sur de larges \u00e9chantillons repr\u00e9sentatifs.<\/li>\n<li role=\"presentation\">Une meilleure compr\u00e9hension des m\u00e9canismes potentiels en jeu.<\/li>\n<li role=\"presentation\">L&rsquo;exploration d&rsquo;autres facteurs environnementaux pouvant influencer la <a href=\"https:\/\/www.futura-sciences.com\/sante\/actualites\/cerveau-notre-sante-mentale-lit-nos-yeux-37540\/\" title=\"Notre sant\u00e9 mentale se lit dans nos yeux\" target=\"_blank\" rel=\"noopener\">sant\u00e9 mentale<\/a>.<\/li>\n<\/ol>\n<p>Cette \u00e9tude fascinante ouvre de nouvelles perspectives sur les interactions complexes entre notre environnement, nos compagnons animaux et notre sant\u00e9 mentale. Bien que de nombreuses questions restent sans r\u00e9ponse, elle souligne l&rsquo;importance de poursuivre les recherches dans ce domaine intrigant de la science m\u00e9dicale.<\/p>\n","protected":false},"excerpt":{"rendered":"En d\u00e9cembre 2023, une \u00e9quipe de chercheurs australiens a publi\u00e9 une analyse r\u00e9volutionnaire dans le Schizophrenia Bulletin. Cette&hellip;\n","protected":false},"author":2,"featured_media":535964,"comment_status":"","ping_status":"","sticky":false,"template":"","format":"standard","meta":{"footnotes":""},"categories":[10],"tags":[231,7654,29029,1011,27,72,278,226,65536,71,2072,29231,65533,65534,65535,41188,52889],"class_list":{"0":"post-535963","1":"post","2":"type-post","3":"status-publish","4":"format-standard","5":"has-post-thumbnail","7":"category-sante","8":"tag-cerveau","9":"tag-chat","10":"tag-facteurs-environnementaux","11":"tag-fr","12":"tag-france","13":"tag-health","14":"tag-les-tendances","15":"tag-maladie","16":"tag-parasites","17":"tag-sante","18":"tag-sante-mentale","19":"tag-schizophrenie","20":"tag-systeme-nerveux","21":"tag-toxoplasma-gondii","22":"tag-toxoplasmose","23":"tag-troubles-mentaux","24":"tag-troubles-psychiatriques"},"share_on_mastodon":{"url":"https:\/\/pubeurope.com\/@fr\/115553742286337325","error":""},"_links":{"self":[{"href":"https:\/\/www.europesays.com\/fr\/wp-json\/wp\/v2\/posts\/535963","targetHints":{"allow":["GET"]}}],"collection":[{"href":"https:\/\/www.europesays.com\/fr\/wp-json\/wp\/v2\/posts"}],"about":[{"href":"https:\/\/www.europesays.com\/fr\/wp-json\/wp\/v2\/types\/post"}],"author":[{"embeddable":true,"href":"https:\/\/www.europesays.com\/fr\/wp-json\/wp\/v2\/users\/2"}],"replies":[{"embeddable":true,"href":"https:\/\/www.europesays.com\/fr\/wp-json\/wp\/v2\/comments?post=535963"}],"version-history":[{"count":0,"href":"https:\/\/www.europesays.com\/fr\/wp-json\/wp\/v2\/posts\/535963\/revisions"}],"wp:featuredmedia":[{"embeddable":true,"href":"https:\/\/www.europesays.com\/fr\/wp-json\/wp\/v2\/media\/535964"}],"wp:attachment":[{"href":"https:\/\/www.europesays.com\/fr\/wp-json\/wp\/v2\/media?parent=535963"}],"wp:term":[{"taxonomy":"category","embeddable":true,"href":"https:\/\/www.europesays.com\/fr\/wp-json\/wp\/v2\/categories?post=535963"},{"taxonomy":"post_tag","embeddable":true,"href":"https:\/\/www.europesays.com\/fr\/wp-json\/wp\/v2\/tags?post=535963"}],"curies":[{"name":"wp","href":"https:\/\/api.w.org\/{rel}","templated":true}]}}