{"id":535991,"date":"2025-11-15T12:52:57","date_gmt":"2025-11-15T12:52:57","guid":{"rendered":"https:\/\/www.europesays.com\/fr\/535991\/"},"modified":"2025-11-15T12:52:57","modified_gmt":"2025-11-15T12:52:57","slug":"les-agriculteurs-seinomarins-et-eurois-se-mobilisent-a-rouen","status":"publish","type":"post","link":"https:\/\/www.europesays.com\/fr\/535991\/","title":{"rendered":"Les agriculteurs seinomarins et eurois se mobilisent \u00e0 Rouen"},"content":{"rendered":"<p>Des klaxons, des feux de foin et de palettes\u00a0: environ 300 agriculteurs venus des quatre coins de la Seine-Maritime et de l&rsquo;Eure, ont manifest\u00e9 ce mercredi soir devant la pr\u00e9fecture, \u00e0 Rouen, contre le projet de trait\u00e9 de libre \u00e9change entre l&rsquo;Union Europ\u00e9enne et les pays du Mercosur.<\/p>\n<p>Environ 300 agriculteurs, et 35 tracteurs, r\u00e9unis ce mercredi soir entre 20h et 23hdevant la pr\u00e9fecture de la Seine-Maritime \u00e0 Rouen, venus de diff\u00e9rents secteurs de la Seine-Maritime et de l&rsquo;Eure, \u00e0 l&rsquo;appel des syndicats agricoles FNSEA 76, FNSEA 27 et des jeunes agriculteurs. Principal motif de col\u00e8re, le projet d&rsquo;accord commercial entre l&rsquo;Union europ\u00e9enne et des pays du Mercosur en Am\u00e9rique latine.<\/p>\n<p>La semaine derni\u00e8re, le pr\u00e9sident Emmanuel Macron s&rsquo;\u00e9tait dit \u00ab\u00a0plut\u00f4t positif\u00a0\u00bb concernant les n\u00e9gociations. Mais ce mercredi,\u00a0le pr\u00e9sident s&rsquo;est entretenu avec une d\u00e9l\u00e9gation d&rsquo;agriculteurs \u00e0 Toulouse, selon la ministre de l&rsquo;Agriculture Annie Genevard, Emmanuel Macron leur a dit que le projet d&rsquo;accord entre l&rsquo;UE et le Mercosur, \u00ab\u00a0tel qu&rsquo;il existe aujourd&rsquo;hui, recueillera un non tr\u00e8s ferme de la France\u00a0\u00bb. Les agriculteurs fran\u00e7ais, eux, veulent qu&rsquo;il soit jet\u00e9 \u00e0 la poubelle, car ils d\u00e9noncent une concurrence d\u00e9loyale.<\/p>\n<p>Au-del\u00e0 du projet d&rsquo;accord avec le Mercosur, les agriculteurs s&rsquo;opposent aussi \u00e0 une nouvelle taxe qui doit entrer en vigueur le 1er janvier sur les engrais azot\u00e9s. Les c\u00e9r\u00e9aliers notamment demandent \u00e0 l&rsquo;Europe de revoir sa copie. Un appel europ\u00e9en \u00e0 la mobilisation est lanc\u00e9 pour le 18 d\u00e9cembre, avec une grande manifestation \u00e0 Bruxelles, en Belgique, si\u00e8ge de la commission europ\u00e9enne.<\/p>\n","protected":false},"excerpt":{"rendered":"Des klaxons, des feux de foin et de palettes\u00a0: environ 300 agriculteurs venus des quatre coins de la&hellip;\n","protected":false},"author":2,"featured_media":535992,"comment_status":"","ping_status":"","sticky":false,"template":"","format":"standard","meta":{"footnotes":""},"categories":[9587],"tags":[1111,11,1777,674,1011,27,12,5161,25,9590],"class_list":{"0":"post-535991","1":"post","2":"type-post","3":"status-publish","4":"format-standard","5":"has-post-thumbnail","7":"category-rouen","8":"tag-actu","9":"tag-actualites","10":"tag-eu","11":"tag-europe","12":"tag-fr","13":"tag-france","14":"tag-news","15":"tag-normandie","16":"tag-republique-francaise","17":"tag-rouen"},"share_on_mastodon":{"url":"https:\/\/pubeurope.com\/@fr\/115553815968210183","error":""},"_links":{"self":[{"href":"https:\/\/www.europesays.com\/fr\/wp-json\/wp\/v2\/posts\/535991","targetHints":{"allow":["GET"]}}],"collection":[{"href":"https:\/\/www.europesays.com\/fr\/wp-json\/wp\/v2\/posts"}],"about":[{"href":"https:\/\/www.europesays.com\/fr\/wp-json\/wp\/v2\/types\/post"}],"author":[{"embeddable":true,"href":"https:\/\/www.europesays.com\/fr\/wp-json\/wp\/v2\/users\/2"}],"replies":[{"embeddable":true,"href":"https:\/\/www.europesays.com\/fr\/wp-json\/wp\/v2\/comments?post=535991"}],"version-history":[{"count":0,"href":"https:\/\/www.europesays.com\/fr\/wp-json\/wp\/v2\/posts\/535991\/revisions"}],"wp:featuredmedia":[{"embeddable":true,"href":"https:\/\/www.europesays.com\/fr\/wp-json\/wp\/v2\/media\/535992"}],"wp:attachment":[{"href":"https:\/\/www.europesays.com\/fr\/wp-json\/wp\/v2\/media?parent=535991"}],"wp:term":[{"taxonomy":"category","embeddable":true,"href":"https:\/\/www.europesays.com\/fr\/wp-json\/wp\/v2\/categories?post=535991"},{"taxonomy":"post_tag","embeddable":true,"href":"https:\/\/www.europesays.com\/fr\/wp-json\/wp\/v2\/tags?post=535991"}],"curies":[{"name":"wp","href":"https:\/\/api.w.org\/{rel}","templated":true}]}}