{"id":535997,"date":"2025-11-15T12:56:14","date_gmt":"2025-11-15T12:56:14","guid":{"rendered":"https:\/\/www.europesays.com\/fr\/535997\/"},"modified":"2025-11-15T12:56:14","modified_gmt":"2025-11-15T12:56:14","slug":"on-a-pousse-les-portes-de-ce-nouveau-restaurant-de-quartier-a-rennes","status":"publish","type":"post","link":"https:\/\/www.europesays.com\/fr\/535997\/","title":{"rendered":"on a pouss\u00e9 les portes de ce nouveau restaurant de quartier, \u00e0 Rennes"},"content":{"rendered":"<p>                    Par<br \/>\n        <strong><br \/>\n            <a href=\"https:\/\/actu.fr\/auteur\/laurene-fertin\" title=\"Consulter tous les articles de Laur\u00e8ne Fertin\" target=\"_blank\" rel=\"noopener\">Laur\u00e8ne Fertin<\/a><br \/>\n                    <\/strong><\/p>\n<p>        Publi\u00e9 le<\/p>\n<p>            15 nov. 2025 \u00e0 12h59        <\/p>\n<p>Une nouvelle adresse s\u2019est ouverte, il y a un mois, \u00e0 Rennes. Et si le restaurant n\u2019est pas situ\u00e9 en centre-ville, mais l\u00e9g\u00e8rement en p\u00e9riph\u00e9rie, c\u2019est pour une bonne raison\u2009: \u00ab\u2009faire en sorte de <strong>rassembler les gens du quartier\u2009\u00bb,<\/strong> sourit Anthony.<\/p>\n<p>Une rencontre gastronomique<\/p>\n<p class=\" wall-content\">Avec <strong>Osmozh,<\/strong> le tandem a d\u00e9cid\u00e9 de se lancer dans l\u2019aventure, ensemble, apr\u00e8s avoir travaill\u00e9 notamment au <strong>Ciel de Rennes<\/strong>, le restaurant gastronomique situ\u00e9 rue Jules-Maillard. C\u2019est d\u00e9sormais au <strong>121, boulevard Clemenceau<\/strong>, qu\u2019ils cuisinent et accueillent les clients et clientes.<\/p>\n<p class=\" wall-content\">Anthony, \u00e0 pr\u00e9sent chef cuistot de son propre restaurant, ne pensait pas ouvrir une enseigne de sit\u00f4t\u2026 \u00ab\u2009Ouvrir un restaurant \u00e9tait un objectif, oui, mais je ne pensais pas que je le ferais \u00e0 seulement 30\u00a0ans\u2009!\u2009\u00bb<\/p>\n<p>    <img   decoding=\"async\" loading=\"lazy\" src=\"https:\/\/www.europesays.com\/fr\/wp-content\/uploads\/2025\/11\/image-20251114-143905-936-960x640.jpeg\" alt=\"xxx\" width=\"960\" height=\"640\"\/><br \/>\n    La salle a une capacit\u00e9 de 50 couverts mais Osmozh a fait le choix d\u2019en conserver que 40, pour gagner en espace et en confort. (\u00a9Laur\u00e8ne Fertin \/ actu Rennes)Pourquoi Osmozh ?<\/p>\n<p>Anthony et Cl\u00e9ment ont longuement r\u00e9fl\u00e9chi avant de tomber d&rsquo;accord sur Osmozh. \u00ab\u00a0On voulait d&rsquo;un nom qui \u00e9voque la convivialit\u00e9, et le \u00ab\u00a0zh\u00a0\u00bb pour rappeler la Bretagne\u00a0\u00bb, expliquent-ils. Et, plus largement, \u00ab\u00a0l&rsquo;osmose repr\u00e9sente, en cuisine, un ph\u00e9nom\u00e8ne qui se produit en cuisson longue o\u00f9 les aliments, qui se lient, d\u00e9veloppent des saveurs particuli\u00e8res.\u00a0\u00bb<\/p>\n<p>Entr\u00e9e, plat, dessert pour 23\u00a0euros<\/p>\n<p class=\" wall-content\">\u00ab\u2009Avant, ici, racontent Anthony et Cl\u00e9ment, il y avait <strong>un restaurant ouvrier<\/strong> qui s\u2019appelait<strong> Ma p\u2019tite cantine.<\/strong> Il \u00e9tait ouvert uniquement les midis. Puis il a ferm\u00e9 au bout de cinq ann\u00e9es, la propri\u00e9taire a pris sa retraite.\u2009\u00bb Une aubaine, quelque part, puisque le duo souhaitait faire revivre un resto de quartier.<\/p>\n<p class=\" wall-content\">L\u2019\u00e9quipe, compl\u00e9t\u00e9e par une personne \u00e0 mi-temps, cuisine \u00ab\u2009en <strong>local<\/strong> le plus possible\u2009\u00bb, avec \u00ab\u2009seulement <strong>des produits de saison\u2009\u00bb.<\/strong><\/p>\n<p>Votre r\u00e9gion, votre actu !<\/p>\n<p>Recevez chaque jour les infos qui comptent pour vous.<\/p>\n<p>\t<a href=\"https:\/\/actu.fr\/newsletter\" class=\"ac-btn ac-btn--corner ac-btn--medium ac-btn--blue800\" target=\"_blank\" rel=\"noopener\">S&rsquo;incrire<\/a><\/p>\n<blockquote class=\"ac-article-quote wall-content\">\n<p>Notre restaurant est bistronomique, c&rsquo;est-\u00e0-dire que l&rsquo;on propose des produits de qualit\u00e9, bien travaill\u00e9s.<\/p>\n<p>    <strong>Anthony<\/strong>\n            <\/p><\/blockquote>\n<p class=\" wall-content\"><strong>Le midi,<\/strong> la carte est compos\u00e9e de <strong>deux entr\u00e9es, deux plats et deux desserts<\/strong>. Comptez <strong>23\u00a0euros<\/strong> pour une formule entr\u00e9e, plat, dessert. \u00ab\u2009La carte a vocation \u00e0 changer tous les deux jours\u2009\u00bb, souligne Anthony. <strong>Le soir<\/strong>, place aux plats \u00e0 partager, version <strong>tapas.<\/strong> D\u2019ailleurs, on peut \u00e9galement s\u2019attabler simplement pour boire un verre, et cela, d\u00e8s 18h30.<\/p>\n<p>    <img   decoding=\"async\" loading=\"lazy\" src=\"https:\/\/www.europesays.com\/fr\/wp-content\/uploads\/2025\/11\/image-20251114-143913-019-960x640.jpeg\" alt=\"xxx\" width=\"960\" height=\"640\"\/><br \/>\n    Magret de canard, mousseline de patate douce, pickles de brocoli, poire r\u00f4tie et sauce \u00e0 l\u2019orange\u2009; ou cabillaud, pur\u00e9e de c\u00e9leri au beurre noisette, pomme de terre fondante, jus d\u2019ar\u00eate et riz croustillant constituent les deux plats de la carte, jeudi 13\u00a0novembre 2025 \u00e0 midi. (\u00a9Laur\u00e8ne Fertin \/ actu Rennes)Des animations<\/p>\n<p class=\" wall-content\">C\u00f4t\u00e9 boissons alcoolis\u00e9es, Osmozh propose <strong>une s\u00e9lection de vins<\/strong> de vignerons r\u00e9coltants, et quelques r\u00e9f\u00e9rences en bio. Pas de vins nature toutefois, \u00ab\u2009on ne ma\u00eetrise pas et surtout, on veut rester simple\u2009\u00bb, glisse le duo. Pour <strong>les bi\u00e8res,<\/strong> deux marques bretonnes peuvent \u00eatre appr\u00e9ci\u00e9es \u00e0 la pression. Et pour les softs, place aussi \u00e0 la Bretagne avec par exemple, des sodas 100\u2009% rennais.<\/p>\n<p class=\" wall-content\">Pour faire vivre chaleureusement les soir\u00e9es du quartier Clemenceau, Cl\u00e9ment et Anthony vont mettre en place, au fur et \u00e0 mesure, <strong>des \u00e9v\u00e9nements en soir\u00e9e <\/strong>\u00e0 l\u2019instar de quiz de culture g\u00e9n\u00e9rale. Des lots seront m\u00eame \u00e0 gagner.<\/p>\n<p>Osmozh, au <a href=\"https:\/\/www.google.fr\/maps\/place\/121+Bd+Georges+Clemenceau,+35000+Rennes\/@48.0937881,-1.6742515,2026m\/data=!3m2!1e3!4b1!4m6!3m5!1s0x480edfb8dad2c1d7:0x1033d47587f13e20!8m2!3d48.0937845!4d-1.6716766!16s%2Fg%2F11c0pv7b5q?entry=ttu&amp;g_ep=EgoyMDI1MTExMS4wIKXMDSoASAFQAw%3D%3D\" target=\"_blank\" rel=\"noopener\">121, boulevard Georges-Clemenceau.<\/a> Ouvert du lundi au vendredi de 12h \u00e0 14h et de 18h30 \u00e0 21h45 (dernier service mais la partie bar reste ouverte). Pour plus d\u2019infos, c\u2019est <a href=\"https:\/\/osmozh.fr\/\" target=\"_blank\" rel=\"noopener\">ici<\/a>. R\u00e9servations au 02\u200923\u200962\u200949\u200921.<\/p>\n<p class=\" wall-content\">Personnalisez votre actualit\u00e9 en ajoutant vos villes et m\u00e9dias en favori avec <a href=\"https:\/\/moncompte.actu.fr\" title=\"D\u00e9couvez Mon Actu\" rel=\"nofollow noopener\" data-trk=\"{&quot;cta&quot;:{&quot;action&quot;:&quot;https:\\\/\\\/moncompte.actu.fr&quot;,&quot;category&quot;:&quot;mon compte&quot;,&quot;from&quot;:&quot;article footer&quot;,&quot;name&quot;:&quot;Mon actu&quot;,&quot;type&quot;:&quot;cta&quot;}}\" target=\"_blank\">Mon Actu<\/a>.<\/p>\n","protected":false},"excerpt":{"rendered":"Par Laur\u00e8ne Fertin Publi\u00e9 le 15 nov. 2025 \u00e0 12h59 Une nouvelle adresse s\u2019est ouverte, il y a&hellip;\n","protected":false},"author":2,"featured_media":535998,"comment_status":"","ping_status":"","sticky":false,"template":"","format":"standard","meta":{"footnotes":""},"categories":[2821],"tags":[1111,11,829,1777,674,1011,27,1305,12,3147,584,25,10619],"class_list":{"0":"post-535997","1":"post","2":"type-post","3":"status-publish","4":"format-standard","5":"has-post-thumbnail","7":"category-rennes","8":"tag-actu","9":"tag-actualites","10":"tag-bretagne","11":"tag-eu","12":"tag-europe","13":"tag-fr","14":"tag-france","15":"tag-lifestyle","16":"tag-news","17":"tag-nouveaux-commerces","18":"tag-rennes","19":"tag-republique-francaise","20":"tag-restos-de-rennes"},"share_on_mastodon":{"url":"https:\/\/pubeurope.com\/@fr\/115553828656334704","error":""},"_links":{"self":[{"href":"https:\/\/www.europesays.com\/fr\/wp-json\/wp\/v2\/posts\/535997","targetHints":{"allow":["GET"]}}],"collection":[{"href":"https:\/\/www.europesays.com\/fr\/wp-json\/wp\/v2\/posts"}],"about":[{"href":"https:\/\/www.europesays.com\/fr\/wp-json\/wp\/v2\/types\/post"}],"author":[{"embeddable":true,"href":"https:\/\/www.europesays.com\/fr\/wp-json\/wp\/v2\/users\/2"}],"replies":[{"embeddable":true,"href":"https:\/\/www.europesays.com\/fr\/wp-json\/wp\/v2\/comments?post=535997"}],"version-history":[{"count":0,"href":"https:\/\/www.europesays.com\/fr\/wp-json\/wp\/v2\/posts\/535997\/revisions"}],"wp:featuredmedia":[{"embeddable":true,"href":"https:\/\/www.europesays.com\/fr\/wp-json\/wp\/v2\/media\/535998"}],"wp:attachment":[{"href":"https:\/\/www.europesays.com\/fr\/wp-json\/wp\/v2\/media?parent=535997"}],"wp:term":[{"taxonomy":"category","embeddable":true,"href":"https:\/\/www.europesays.com\/fr\/wp-json\/wp\/v2\/categories?post=535997"},{"taxonomy":"post_tag","embeddable":true,"href":"https:\/\/www.europesays.com\/fr\/wp-json\/wp\/v2\/tags?post=535997"}],"curies":[{"name":"wp","href":"https:\/\/api.w.org\/{rel}","templated":true}]}}