{"id":536000,"date":"2025-11-15T12:58:11","date_gmt":"2025-11-15T12:58:11","guid":{"rendered":"https:\/\/www.europesays.com\/fr\/536000\/"},"modified":"2025-11-15T12:58:11","modified_gmt":"2025-11-15T12:58:11","slug":"strasbourg-un-chauffeur-de-la-cts-frappe-a-bord-de-son-bus-son-agresseur-activement-recherche","status":"publish","type":"post","link":"https:\/\/www.europesays.com\/fr\/536000\/","title":{"rendered":"Strasbourg. Un chauffeur de la CTS frapp\u00e9 \u00e0 bord de son bus, son agresseur activement recherch\u00e9"},"content":{"rendered":"<p>                    Par<br \/>\n        <strong><br \/>\n            <a href=\"https:\/\/actu.fr\/auteur\/thomas-blanc\" title=\"Consulter tous les articles de Thomas Blanc\" target=\"_blank\" rel=\"noopener\">Thomas Blanc<\/a><br \/>\n                    <\/strong><\/p>\n<p>        Publi\u00e9 le<\/p>\n<p>            15 nov. 2025 \u00e0 13h02        <\/p>\n<p>Le vendredi 14\u00a0novembre 2025 \u00e0 <a href=\"https:\/\/actu.fr\/strasbourg\/\" target=\"_blank\" rel=\"noopener\">Strasbourg<\/a>, en fin d\u2019apr\u00e8s-midi, un chauffeur de la <a href=\"https:\/\/actu.fr\/tag\/compagnie-des-transports-strasbourgeois-cts\" target=\"_blank\" rel=\"noopener\">Compagnie des transports strasbourgeois (CTS)<\/a> a \u00e9t\u00e9 <strong>agress\u00e9 par l\u2019un de ses passagers<\/strong> \u00e0 bord de son bus.<\/p>\n<p>Un chauffeur de la CTS agress\u00e9 par un homme mont\u00e9 dans le bus avec une bouteille de vin<\/p>\n<p class=\" wall-content\">C\u2019est dans un bus de <strong>la ligne Chron\u2019hop C1<\/strong>, en direction de Lingolsheim Alouettes, que l\u2019\u00e9v\u00e8nement s\u2019est produit apprend Actu Strasbourg aupr\u00e8s des services de la pr\u00e9fecture du <a href=\"https:\/\/actu.fr\/grand-est\/bas-rhin_67\" target=\"_blank\" rel=\"noopener\">Bas-Rhin<\/a>, confirm\u00e9 par la CTS.<\/p>\n<p class=\" wall-content\">Un passager est \u00ab\u2009mont\u00e9 \u00e0 bord du bus avec une bouteille de vin \u00e0 la main\u2009\u00bb, nous dit-on. Or, le r\u00e8glement bus-tram de la CTS pr\u00e9cise qu\u2019\u00ab\u2009il est <strong>interdit<\/strong> <strong>de monter dans les v\u00e9hicules en \u00e9tat d\u2019ivresse<\/strong> ou <strong>de consommer des boissons alcoolis\u00e9es<\/strong> \u00e0 l\u2019int\u00e9rieur des v\u00e9hicules\u2009\u00bb.<\/p>\n<p>Les jours du chauffeur ne sont pas engag\u00e9s<\/p>\n<p class=\" wall-content\">Le conducteur lui aurait alors demand\u00e9 de bien vouloir sortir, ce qui a pouss\u00e9 l\u2019individu<strong> \u00e0 agresser physiquement<\/strong> et avec une <strong>grande violence<\/strong> le chauffeur.<\/p>\n<p class=\" wall-content\">\u00ab\u2009L\u2019agresseur est activement recherch\u00e9 par la <a href=\"https:\/\/actu.fr\/tag\/police\" target=\"_blank\" rel=\"noopener\">police<\/a>\u2009\u00bb, fait savoir la pr\u00e9fecture. La vie du chauffeur n\u2019est quant \u00e0 elle <strong>pas en danger<\/strong>.<\/p>\n<p class=\" wall-content\">Personnalisez votre actualit\u00e9 en ajoutant vos villes et m\u00e9dias en favori avec <a href=\"https:\/\/moncompte.actu.fr\" title=\"D\u00e9couvez Mon Actu\" rel=\"nofollow noopener\" data-trk=\"{&quot;cta&quot;:{&quot;action&quot;:&quot;https:\\\/\\\/moncompte.actu.fr&quot;,&quot;category&quot;:&quot;mon compte&quot;,&quot;from&quot;:&quot;article footer&quot;,&quot;name&quot;:&quot;Mon actu&quot;,&quot;type&quot;:&quot;cta&quot;}}\" target=\"_blank\">Mon Actu<\/a>.<\/p>\n","protected":false},"excerpt":{"rendered":"Par Thomas Blanc Publi\u00e9 le 15 nov. 2025 \u00e0 13h02 Le vendredi 14\u00a0novembre 2025 \u00e0 Strasbourg, en fin&hellip;\n","protected":false},"author":2,"featured_media":536001,"comment_status":"","ping_status":"","sticky":false,"template":"","format":"standard","meta":{"footnotes":""},"categories":[2820],"tags":[1111,11,7344,1777,674,118,1011,27,775,12,1072,25,640],"class_list":{"0":"post-536000","1":"post","2":"type-post","3":"status-publish","4":"format-standard","5":"has-post-thumbnail","7":"category-strasbourg","8":"tag-actu","9":"tag-actualites","10":"tag-compagnie-des-transports-strasbourgeois-cts","11":"tag-eu","12":"tag-europe","13":"tag-faits-divers","14":"tag-fr","15":"tag-france","16":"tag-grand-est","17":"tag-news","18":"tag-police","19":"tag-republique-francaise","20":"tag-strasbourg"},"share_on_mastodon":{"url":"https:\/\/pubeurope.com\/@fr\/115553835816574288","error":""},"_links":{"self":[{"href":"https:\/\/www.europesays.com\/fr\/wp-json\/wp\/v2\/posts\/536000","targetHints":{"allow":["GET"]}}],"collection":[{"href":"https:\/\/www.europesays.com\/fr\/wp-json\/wp\/v2\/posts"}],"about":[{"href":"https:\/\/www.europesays.com\/fr\/wp-json\/wp\/v2\/types\/post"}],"author":[{"embeddable":true,"href":"https:\/\/www.europesays.com\/fr\/wp-json\/wp\/v2\/users\/2"}],"replies":[{"embeddable":true,"href":"https:\/\/www.europesays.com\/fr\/wp-json\/wp\/v2\/comments?post=536000"}],"version-history":[{"count":0,"href":"https:\/\/www.europesays.com\/fr\/wp-json\/wp\/v2\/posts\/536000\/revisions"}],"wp:featuredmedia":[{"embeddable":true,"href":"https:\/\/www.europesays.com\/fr\/wp-json\/wp\/v2\/media\/536001"}],"wp:attachment":[{"href":"https:\/\/www.europesays.com\/fr\/wp-json\/wp\/v2\/media?parent=536000"}],"wp:term":[{"taxonomy":"category","embeddable":true,"href":"https:\/\/www.europesays.com\/fr\/wp-json\/wp\/v2\/categories?post=536000"},{"taxonomy":"post_tag","embeddable":true,"href":"https:\/\/www.europesays.com\/fr\/wp-json\/wp\/v2\/tags?post=536000"}],"curies":[{"name":"wp","href":"https:\/\/api.w.org\/{rel}","templated":true}]}}