{"id":536019,"date":"2025-11-15T13:09:25","date_gmt":"2025-11-15T13:09:25","guid":{"rendered":"https:\/\/www.europesays.com\/fr\/536019\/"},"modified":"2025-11-15T13:09:25","modified_gmt":"2025-11-15T13:09:25","slug":"un-proprietaire-airbnb-condamne-a-lille-lamende-est-tres-salee","status":"publish","type":"post","link":"https:\/\/www.europesays.com\/fr\/536019\/","title":{"rendered":"Un propri\u00e9taire Airbnb condamn\u00e9 \u00e0 Lille, l&rsquo;amende est tr\u00e8s sal\u00e9e"},"content":{"rendered":"<p>C\u2019est une d\u00e9cision in\u00e9dite \u00e0 Lille. Le tribunal de Lille a condamn\u00e9 un propri\u00e9taire dans la ville, le 21 octobre dernier. L&rsquo;individu, qui poss\u00e8de <a href=\"https:\/\/www.capital.fr\/immobilier\/location-airbnb-vous-pensiez-toucher-le-jackpot-mais-vous-enchainez-les-galeres-racontez-nous-1519444\" target=\"_blank\" rel=\"noopener\">un meubl\u00e9 de tourisme<\/a>, a \u00e9t\u00e9 condamn\u00e9 <strong>\u00e0 payer 33 000 euros <\/strong>pour l\u2019avoir<strong> lou\u00e9 abusivement sur des plateformes d\u00e9di\u00e9es<\/strong>, selon <a href=\"https:\/\/www.francebleu.fr\/infos\/societe\/33-000-d-amende-pour-le-proprietaire-d-un-airbnb-qui-louait-abusivement-un-logement-a-lille-2117994\" target=\"_blank\" rel=\"noopener\">France bleu<\/a>. La ville va empocher la totalit\u00e9 de l\u2019amende, et le propri\u00e9taire <strong>devra aussi rembourser 2 000 euros de frais de justice.<\/strong> De son c\u00f4t\u00e9, la municipalit\u00e9 explique qu\u2019il s\u2019agi<strong>t d\u2019une sanction exemplaire.<\/strong><\/p>\n<p>Depuis 2019, la ville<strong> durcit les r\u00e8gles pour mieux contr\u00f4ler les <\/strong><a href=\"https:\/\/www.capital.fr\/immobilier\/bientot-des-quotas-pour-limiter-les-meubles-de-tourisme-sur-cette-ile-de-vendee-tres-appreciee-des-stars-et-des-politiques-1517217\" target=\"_blank\" rel=\"noopener\"><strong>locations de logements de courte dur\u00e9e<\/strong><\/a><strong>, <\/strong>notamment gr\u00e2ce \u00e0 plusieurs d\u00e9lib\u00e9rations. En 2019, la Ville a mis en place u<strong>ne d\u00e9claration obligatoire pour toute location<\/strong>, et depuis 2024, les <a href=\"https:\/\/www.capital.fr\/votre-argent\/lmnp-1334748\" target=\"_blank\" rel=\"noopener\">nouvelles locations<\/a> de courte dur\u00e9e doivent \u00eatre compens\u00e9es <strong>par la cr\u00e9ation d\u2019une nouvelle location de longue dur\u00e9e<\/strong> par le propri\u00e9taire. Des r\u00e8gles strictes, qui ralentissent fortement<strong> le nombre de nouvelles locations de courte dur\u00e9e \u00e0 Lille.<\/strong><\/p>\n<p>Une r\u00e9gulation durcie face \u00e0 une crise du logement<\/p>\n<p>Cette derni\u00e8re r\u00e9glementation de 2024 ne s\u2019applique cependant pas aux propri\u00e9taires qui louent leur r\u00e9sidence principale<strong> pour une dur\u00e9e de moins de 120 jours par an<\/strong>. Mais elle est n\u00e9cessaire. En effet, \u00e0 Lille,<strong> 2 500 logements ont \u00e9t\u00e9 lou\u00e9s au moins une fois comme meubl\u00e9s de tourisme<\/strong> sur les diff\u00e9rentes plateformes en 2024. Pour contr\u00f4ler ce march\u00e9, la Ville a proc\u00e9d\u00e9 <strong>\u00e0 plus de 600 v\u00e9rifications et 200 contr\u00f4les l\u2019ann\u00e9e derni\u00e8re,<\/strong> et a m\u00eame visit\u00e9 une soixantaine de logements.<\/p>\n<p>Toutes ces r\u00e8gles sont mises en place dans le contexte de la crise du logement aigu\u00eb qui touche Lille. \u00abLes meubl\u00e9s de tourisme, ce sont des logements retir\u00e9s de l\u2019offre locative\u00bb explique Anissa Baderi, adjointe au maire charg\u00e9e de l\u2019Habitat. La forte augmentation du nombre de meubl\u00e9s de tourisme dans la ville ne fait qu\u2019amplifier la p\u00e9nurie de logements, selon elle. Par ailleurs, \u00e0 Lille, <strong>ce sont 25 000 demandes de logement social qui ne sont pas satisfaites.<\/strong><\/p>\n","protected":false},"excerpt":{"rendered":"C\u2019est une d\u00e9cision in\u00e9dite \u00e0 Lille. Le tribunal de Lille a condamn\u00e9 un propri\u00e9taire dans la ville, le&hellip;\n","protected":false},"author":2,"featured_media":536020,"comment_status":"","ping_status":"","sticky":false,"template":"","format":"standard","meta":{"footnotes":""},"categories":[2815],"tags":[1111,11,7345,1777,674,1011,27,811,1307,27839,1908,12,25,602],"class_list":{"0":"post-536019","1":"post","2":"type-post","3":"status-publish","4":"format-standard","5":"has-post-thumbnail","7":"category-lille","8":"tag-actu","9":"tag-actualites","10":"tag-airbnb","11":"tag-eu","12":"tag-europe","13":"tag-fr","14":"tag-france","15":"tag-hauts-de-france","16":"tag-lille","17":"tag-location-meublu00e9e","18":"tag-logement","19":"tag-news","20":"tag-republique-francaise","21":"tag-tourisme"},"share_on_mastodon":{"url":"https:\/\/pubeurope.com\/@fr\/115553878922072309","error":""},"_links":{"self":[{"href":"https:\/\/www.europesays.com\/fr\/wp-json\/wp\/v2\/posts\/536019","targetHints":{"allow":["GET"]}}],"collection":[{"href":"https:\/\/www.europesays.com\/fr\/wp-json\/wp\/v2\/posts"}],"about":[{"href":"https:\/\/www.europesays.com\/fr\/wp-json\/wp\/v2\/types\/post"}],"author":[{"embeddable":true,"href":"https:\/\/www.europesays.com\/fr\/wp-json\/wp\/v2\/users\/2"}],"replies":[{"embeddable":true,"href":"https:\/\/www.europesays.com\/fr\/wp-json\/wp\/v2\/comments?post=536019"}],"version-history":[{"count":0,"href":"https:\/\/www.europesays.com\/fr\/wp-json\/wp\/v2\/posts\/536019\/revisions"}],"wp:featuredmedia":[{"embeddable":true,"href":"https:\/\/www.europesays.com\/fr\/wp-json\/wp\/v2\/media\/536020"}],"wp:attachment":[{"href":"https:\/\/www.europesays.com\/fr\/wp-json\/wp\/v2\/media?parent=536019"}],"wp:term":[{"taxonomy":"category","embeddable":true,"href":"https:\/\/www.europesays.com\/fr\/wp-json\/wp\/v2\/categories?post=536019"},{"taxonomy":"post_tag","embeddable":true,"href":"https:\/\/www.europesays.com\/fr\/wp-json\/wp\/v2\/tags?post=536019"}],"curies":[{"name":"wp","href":"https:\/\/api.w.org\/{rel}","templated":true}]}}