{"id":536021,"date":"2025-11-15T13:10:12","date_gmt":"2025-11-15T13:10:12","guid":{"rendered":"https:\/\/www.europesays.com\/fr\/536021\/"},"modified":"2025-11-15T13:10:12","modified_gmt":"2025-11-15T13:10:12","slug":"a-marseille-cest-toujours-le-printemps","status":"publish","type":"post","link":"https:\/\/www.europesays.com\/fr\/536021\/","title":{"rendered":"\u00c0 Marseille, c\u2019est toujours le printemps"},"content":{"rendered":"\n<p>Nous, jeunes de Marseille,<br \/>membres de collectifs citoyen\u00b7nes, \u00e9lu\u00b7es, \u00e9tudiant.e.s, travailleurs\u00b7ses, militant\u00b7es politiques, syndicaux et associatifs, actons par ce texte notre volont\u00e9 de continuer \u00e0 construire, \u00e0 renforcer le rassemblement de la gauche, des \u00e9cologistes et des citoyen.nes dans notre ville.<\/p>\n<p>C\u2019est l\u2019union, port\u00e9e par Beno\u00eet Payan et l\u2019\u00e9quipe municipale qui transforme la ville et change la vie des habitant.e.s. C\u2019est ce rassemblement de la gauche, des \u00e9cologistes, des forces associatives et citoyennes, qui a permis, depuis 2020 de tenir t\u00eate aux lib\u00e9raux et aux r\u00e9actionnaires, de faire face \u00e0 celles et ceux qui ne cherchent qu\u2019\u00e0 r\u00e9pandre la haine et attiser les peurs. Nous avons vu nos \u00e9coles, jusque-l\u00e0 la \u00ab\u00a0honte de la R\u00e9publique\u00a0\u00bb, \u00eatre reconstruites, r\u00e9nov\u00e9es, permettant enfin \u00e0 chacune et \u00e0 chacun, d\u2019avoir acc\u00e8s \u00e0 une \u00e9cole qui r\u00e9ellement apprend, grandit et \u00e9mancipe. Marqu\u00e9.e.s pour toujours par le drame de la rue d\u2019Aubagne, nous avons vu les logements en p\u00e9ril enfin \u00eatre r\u00e9nov\u00e9s, une r\u00e9novation urbaine dans le Nord de la ville sans pr\u00e9c\u00e9dent et la fin du r\u00e8gne des marchands de sommeil et des Airbnb. Nous avons, \u00e0 nouveau, acc\u00e8s \u00e0 la culture et au sport, et ce peu importe nos revenus ou notre arrondissement. Les \u00e9tudiants peuvent manger \u00e0 leur faim, gr\u00e2ce aux repas gratuits, le littoral peut \u00eatre pr\u00e9serv\u00e9 et la Ville, en s\u2019engageant pleinement dans la pr\u00e9servation de l\u2019environnement, se pr\u00e9pare aux cons\u00e9quences du d\u00e9r\u00e8glement climatique. Nous voyons la ville se recoudre, les services publics reprendre place dans tous les quartiers, l\u2019urgence \u00e9cologique \u00eatre enfin prise en compte, et un collectif marseillais, riche de sa diversit\u00e9, \u00e0 nouveau exister. Des concerts de l\u2019\u00c9t\u00e9 marseillais aux f\u00eates des noyaux villageois, en passant par la Voie est libre sur la corniche et la f\u00eate des \u00e9coles, le vivre ensemble r\u00e9appara\u00eet au grand jour, t\u00e9moin de la vitalit\u00e9 de notre ville.<\/p>\n<p>Pourtant, les forces politiques responsables du d\u00e9clin de Marseille sont toujours l\u00e0, \u00e0 la t\u00eate de la M\u00e9tropole comme de la R\u00e9gion. Elles ralentissent les projets structurants, bloquent les transports, tournent le dos \u00e0 la culture, ignorent les besoins des jeunes, opposent le Nord et le Sud de la Ville en refusant de d\u00e9senclaver les quartiers les plus pauvres accentuant les discriminations g\u00e9ographiques et sociales. Leurs logiques politiciennes d\u2019humiliation et de repr\u00e9sailles ne datent pas d\u2019hier. Elles continuent d\u2019ab\u00eemer cette ville. \u00c9lection apr\u00e8s \u00e9lection, l\u2019extr\u00eame droite progresse \u00e0 Marseille, notre ville, terre d\u2019accueil et de fraternit\u00e9, ne pourrait voir arriver \u00e0 sa t\u00eate, ceux qui n\u2019ont comme seuls projets la haine et la division. Ceux-ci qui sont pr\u00eats \u00e0 laisser se noyer des milliers de personnes en M\u00e9diterran\u00e9e, quand Beno\u00eet Payan, lui, vient en aide \u00e0 SOS M\u00e9diterran\u00e9e. La Ville de Marseille, fid\u00e8le \u00e0 son histoire, \u0153uvre pour la paix, pour la dignit\u00e9 de chacune et chacun. Elle constitue, face \u00e0 l\u2019extr\u00eame droite, un rempart, une terre de r\u00e9sistance et doit ainsi le rester. Face \u00e0 une extr\u00eame droite chaque jour plus dangereuse, plus mena\u00e7ante pour nos droits et nos libert\u00e9s, face \u00e0 une droite au pouvoir qui divise et aggrave les injustices, l\u2019unit\u00e9 de toutes les forces de gauche, \u00e9cologistes et citoyennes reste notre seule boussole et notre seule chance de faire r\u00e9ussir Marseille. Nous, jeunes citoyens, avons vu dans cette union un espoir et un exemple, puis une r\u00e9alit\u00e9. \u00c0 Marseille, dans notre ville, nous voyons chaque jour le quotidien s\u2019am\u00e9liorer.<\/p>\n<p>L\u2019union de la gauche des \u00e9cologistes et des citoyen.ne.s doit \u00eatre pr\u00e9serv\u00e9e, renforc\u00e9e, pour que nos lendemains marseillais puissent continuer \u00e0 \u00eatre ensoleill\u00e9s. Pour que la ville continue de se transformer et que la vie continue de changer. Nous, la jeunesse marseillaise, nous adressons \u00e0 l\u2019ensemble des responsables politiques, notre voix doit et m\u00e9rite d\u2019\u00eatre entendue. Nous souhaitons l\u2019union et ne pourrons pardonner \u00e0 celles et ceux qui attisent les divisions et nous font prendre le risque de laisser basculer la ville dans le d\u00e9clin.<\/p>\n","protected":false},"excerpt":{"rendered":"Nous, jeunes de Marseille,membres de collectifs citoyen\u00b7nes, \u00e9lu\u00b7es, \u00e9tudiant.e.s, travailleurs\u00b7ses, militant\u00b7es politiques, syndicaux et associatifs, actons par ce&hellip;\n","protected":false},"author":2,"featured_media":536022,"comment_status":"","ping_status":"","sticky":false,"template":"","format":"standard","meta":{"footnotes":""},"categories":[2814],"tags":[1111,11,1777,674,1011,27,884,12,882,25,5030],"class_list":{"0":"post-536021","1":"post","2":"type-post","3":"status-publish","4":"format-standard","5":"has-post-thumbnail","7":"category-marseille","8":"tag-actu","9":"tag-actualites","10":"tag-eu","11":"tag-europe","12":"tag-fr","13":"tag-france","14":"tag-marseille","15":"tag-news","16":"tag-provence-alpes-cote-dazur","17":"tag-republique-francaise","18":"tag-tribune"},"share_on_mastodon":{"url":"https:\/\/pubeurope.com\/@fr\/115553882918517028","error":""},"_links":{"self":[{"href":"https:\/\/www.europesays.com\/fr\/wp-json\/wp\/v2\/posts\/536021","targetHints":{"allow":["GET"]}}],"collection":[{"href":"https:\/\/www.europesays.com\/fr\/wp-json\/wp\/v2\/posts"}],"about":[{"href":"https:\/\/www.europesays.com\/fr\/wp-json\/wp\/v2\/types\/post"}],"author":[{"embeddable":true,"href":"https:\/\/www.europesays.com\/fr\/wp-json\/wp\/v2\/users\/2"}],"replies":[{"embeddable":true,"href":"https:\/\/www.europesays.com\/fr\/wp-json\/wp\/v2\/comments?post=536021"}],"version-history":[{"count":0,"href":"https:\/\/www.europesays.com\/fr\/wp-json\/wp\/v2\/posts\/536021\/revisions"}],"wp:featuredmedia":[{"embeddable":true,"href":"https:\/\/www.europesays.com\/fr\/wp-json\/wp\/v2\/media\/536022"}],"wp:attachment":[{"href":"https:\/\/www.europesays.com\/fr\/wp-json\/wp\/v2\/media?parent=536021"}],"wp:term":[{"taxonomy":"category","embeddable":true,"href":"https:\/\/www.europesays.com\/fr\/wp-json\/wp\/v2\/categories?post=536021"},{"taxonomy":"post_tag","embeddable":true,"href":"https:\/\/www.europesays.com\/fr\/wp-json\/wp\/v2\/tags?post=536021"}],"curies":[{"name":"wp","href":"https:\/\/api.w.org\/{rel}","templated":true}]}}