{"id":536023,"date":"2025-11-15T13:11:11","date_gmt":"2025-11-15T13:11:11","guid":{"rendered":"https:\/\/www.europesays.com\/fr\/536023\/"},"modified":"2025-11-15T13:11:11","modified_gmt":"2025-11-15T13:11:11","slug":"un-bon-garcon-loin-de-la-drogue-qui-etait-mehdi-kessaci-frere-dun-militant-anti-narcotrafic-assassine-a-marseille","status":"publish","type":"post","link":"https:\/\/www.europesays.com\/fr\/536023\/","title":{"rendered":"\u00ab\u00a0Un bon gar\u00e7on, loin de la drogue\u00a0\u00bb : qui \u00e9tait Mehdi Kessaci, fr\u00e8re d\u2019un militant anti-narcotrafic, assassin\u00e9 \u00e0 Marseille\u00a0?"},"content":{"rendered":"<p class=\"paragraph text_align_left lp-f-body-02\">Il r\u00eavait de porter l\u2019uniforme pour combattre la violence qui avait d\u00e9j\u00e0 frapp\u00e9 sa famille. Mercredi 13 novembre, Mehdi Kessaci, 20 ans, <a href=\"https:\/\/www.leparisien.fr\/faits-divers\/absolument-terrifiant-lassassinat-du-frere-damine-kessaci-nouveau-cap-dans-la-derive-mafieuse-a-marseille-14-11-2025-YJYZETJJBRGM7KGKHBOFV4JCOE.php\" target=\"_blank\" rel=\"noreferrer noopener\">a \u00e9t\u00e9 fauch\u00e9 par quatre balles en pleine rue \u00e0 Marseille<\/a>, pr\u00e8s d\u2019une salle de concert du IVe arrondissement. Un assassinat qui ressemble \u00e0 une ex\u00e9cution et qui pourrait \u00eatre un message sanglant adress\u00e9 \u00e0 son fr\u00e8re <a href=\"https:\/\/www.leparisien.fr\/faits-divers\/a-marseille-le-combat-damine-face-aux-violences-on-en-a-marre-de-ramasser-des-corps-dans-la-rue-04-04-2023-LKH2NWIGZZE2PKEEMJDOCIGQAI.php\" target=\"_blank\" rel=\"noreferrer noopener\">Amine, militant \u00e9cologiste<\/a> engag\u00e9 contre le narcotrafic.<\/p>\n<p class=\"paragraph text_align_left lp-f-body-02\">Vers 14h30, le jeune homme venait de se garer lorsqu\u2019un commando \u00e0 moto l\u2019a pris pour cible, le touchant au thorax. Les deux tireurs, activement recherch\u00e9s, ont pris la fuite. Le parquet de Marseille a ouvert une enqu\u00eate pour \u00ab <a href=\"https:\/\/www.leparisien.fr\/faits-divers\/assassinat-davertissement-travail-de-professionnel-dz-mafia-ce-que-lon-sait-du-meurtre-du-petit-frere-damine-kessaci-a-marseille-14-11-2025-CT26LGBQBJH5HELW3EU653Y4PI.php\" target=\"_blank\" rel=\"noreferrer noopener\">assassinat en bande organis\u00e9e<\/a> et association de malfaiteurs en vue de commettre un crime \u00bb.<\/p>\n<p>Un jeune \u00ab sans histoire \u00bb<\/p>\n<p class=\"paragraph text_align_left lp-f-body-02\">Contrairement \u00e0 son demi-fr\u00e8re Brahim, assassin\u00e9 en d\u00e9cembre 2020 dans un r\u00e8glement de comptes li\u00e9 au narcotrafic, Mehdi n\u2019avait rien \u00e0 voir avec ce monde. \u00ab Jusqu\u2019\u00e0 preuve du contraire, il n\u2019\u00e9tait pas du tout dans le narcotrafic \u00bb, a d\u00e9clar\u00e9 le <a href=\"https:\/\/www.leparisien.fr\/faits-divers\/a-marseille-le-nouveau-procureur-face-aux-narchomicides-ils-sont-comme-dans-un-jeu-video-a-balles-reelles-22-11-2023-ZR4XU5WKRNAY3DE4H7JKADDLJM.php\" target=\"_blank\" rel=\"noreferrer noopener\">procureur de Marseille, Nicolas Bessone<\/a>. Le jeune homme \u00e9tait \u00ab totalement inconnu des services de police et de justice \u00bb et avait \u00ab un casier judiciaire vierge \u00bb.<\/p>\n<p class=\"paragraph text_align_left lp-f-body-02\">Son ambition ? Int\u00e9grer les forces de l\u2019ordre. Apr\u00e8s avoir \u00e9chou\u00e9 une premi\u00e8re fois au concours de gardien de la paix, \u00ab il \u00e9tait en train de le repasser \u00bb, a indiqu\u00e9 le maire de Marseille, Beno\u00eet Payan, sur BFMTV. \u00ab Il avait \u00e0 c\u0153ur d\u2019int\u00e9grer les forces de l\u2019ordre. Il a v\u00e9cu lui aussi l\u2019assassinat de l\u2019un de ses fr\u00e8res et il voulait comme Amine, en devenant policier, refuser \u00e7a \u00bb, a-t-il ajout\u00e9, qualifiant Mehdi de jeune \u00ab sans histoire \u00bb et \u00ab assidu \u00bb.<\/p>\n<p class=\"lp-card-podcast-highlighting__title  lp-f-subtitle-05\">[1\/2] Mus\u00e9e Marmottan\u00a0: le vol spectaculaire d\u2019un chef-d\u2019\u0153uvre de Monet<\/p>\n<p class=\"lp-card-podcast-highlighting__description lp-f-ui-05\">Crime story raconte chaque semaine les grandes affaires criminelles.<\/p>\n<p><a class=\"lp-card-podcast-highlighting__call-to-action\" data-page-type=\"HP\" data-block-name=\"podcast-highlight\">\u00c9couter<\/a><\/p>\n<p class=\"paragraph text_align_left lp-f-body-02\">\u00c0 Frais-Vallon, quartier d\u2019origine de la famille Kessaci dans les quartiers nord de Marseille, la tristesse est immense. Les habitants se souviennent d\u2019un \u00ab beau gar\u00e7on, mince et souriant \u00bb qui \u00ab restait toujours \u00e0 l\u2019\u00e9cart des probl\u00e8mes \u00bb. \u00ab C\u2019\u00e9tait un bon gar\u00e7on, loin du trafic de drogue \u00bb, confie une ancienne membre active du centre social au quotidien local La Provence. La famille Kessaci, soulignent les voisins, \u00ab a toujours refus\u00e9 la violence \u00bb et \u00ab s\u2019est engag\u00e9e pour le bien du quartier \u00bb.<\/p>\n<p>L\u2019hypoth\u00e8se d\u2019un \u00ab assassinat d\u2019avertissement \u00bb<\/p>\n<p class=\"paragraph text_align_left lp-f-body-02\">Pour les enqu\u00eateurs, le mobile de ce meurtre pourrait se trouver du c\u00f4t\u00e9 de son fr\u00e8re Amine, 22 ans, figure marseillaise de la lutte contre le narcotrafic. Apr\u00e8s la mort de Brahim, retrouv\u00e9 calcin\u00e9 dans une voiture fin 2020, Amine a cr\u00e9\u00e9 l\u2019association Conscience pour accompagner juridiquement et psychologiquement les familles victimes de la violence des trafics. Il s\u2019\u00e9tait fait conna\u00eetre en septembre 2021 en interpellant le pr\u00e9sident Emmanuel Macron lors de sa visite \u00e0 Marseille, plaidant pour que les solutions viennent des habitants et non de Paris.<\/p>\n<p class=\"title-embed-dailymotion lp-color-text lp-f-subtitle-04\">Vid\u00e9oLe jeune fr\u00e8re de l\u2019\u00e9cologiste Amine Kessaci, tu\u00e9 par balle \u00e0 Marseille<\/p>\n<p class=\"paragraph text_align_left lp-f-body-02\">Candidat EELV aux l\u00e9gislatives de 2024 dans la 3e circonscription des Bouches-du-Rh\u00f4ne, Amine Kessaci \u00e9tait sous protection polici\u00e8re depuis plusieurs semaines et avait m\u00eame \u00e9t\u00e9 exfiltr\u00e9 de Marseille un mois avant le drame, apr\u00e8s la sortie de son livre \u00ab Marseille, essuie tes larmes : vivre et mourir en terre de narcotrafic \u00bb, en octobre dernier.<\/p>\n<p class=\"paragraph text_align_left lp-f-body-02\">\u00ab Avec le plus grand conditionnel, ce jeune homme a pu \u00eatre assassin\u00e9 pour atteindre indirectement son fr\u00e8re \u00bb, a soulign\u00e9 le procureur Nicolas Bessone. Les autorit\u00e9s \u00e9valuent actuellement la possibilit\u00e9 de renforcer la s\u00e9curit\u00e9 autour de la famille Kessaci. Selon Beno\u00eet Payan, Amine est \u00ab d\u00e9vast\u00e9 \u00bb et souhaite \u00ab pour le moment garder le silence \u00bb.<\/p>\n","protected":false},"excerpt":{"rendered":"Il r\u00eavait de porter l\u2019uniforme pour combattre la violence qui avait d\u00e9j\u00e0 frapp\u00e9 sa famille. Mercredi 13 novembre,&hellip;\n","protected":false},"author":2,"featured_media":534636,"comment_status":"","ping_status":"","sticky":false,"template":"","format":"standard","meta":{"footnotes":""},"categories":[2814],"tags":[1111,11,459,1777,674,118,1011,27,884,12,882,25],"class_list":{"0":"post-536023","1":"post","2":"type-post","3":"status-publish","4":"format-standard","5":"has-post-thumbnail","7":"category-marseille","8":"tag-actu","9":"tag-actualites","10":"tag-departements-horsidfo","11":"tag-eu","12":"tag-europe","13":"tag-faits-divers","14":"tag-fr","15":"tag-france","16":"tag-marseille","17":"tag-news","18":"tag-provence-alpes-cote-dazur","19":"tag-republique-francaise"},"share_on_mastodon":{"url":"https:\/\/pubeurope.com\/@fr\/115553886904172267","error":""},"_links":{"self":[{"href":"https:\/\/www.europesays.com\/fr\/wp-json\/wp\/v2\/posts\/536023","targetHints":{"allow":["GET"]}}],"collection":[{"href":"https:\/\/www.europesays.com\/fr\/wp-json\/wp\/v2\/posts"}],"about":[{"href":"https:\/\/www.europesays.com\/fr\/wp-json\/wp\/v2\/types\/post"}],"author":[{"embeddable":true,"href":"https:\/\/www.europesays.com\/fr\/wp-json\/wp\/v2\/users\/2"}],"replies":[{"embeddable":true,"href":"https:\/\/www.europesays.com\/fr\/wp-json\/wp\/v2\/comments?post=536023"}],"version-history":[{"count":0,"href":"https:\/\/www.europesays.com\/fr\/wp-json\/wp\/v2\/posts\/536023\/revisions"}],"wp:featuredmedia":[{"embeddable":true,"href":"https:\/\/www.europesays.com\/fr\/wp-json\/wp\/v2\/media\/534636"}],"wp:attachment":[{"href":"https:\/\/www.europesays.com\/fr\/wp-json\/wp\/v2\/media?parent=536023"}],"wp:term":[{"taxonomy":"category","embeddable":true,"href":"https:\/\/www.europesays.com\/fr\/wp-json\/wp\/v2\/categories?post=536023"},{"taxonomy":"post_tag","embeddable":true,"href":"https:\/\/www.europesays.com\/fr\/wp-json\/wp\/v2\/tags?post=536023"}],"curies":[{"name":"wp","href":"https:\/\/api.w.org\/{rel}","templated":true}]}}