{"id":536024,"date":"2025-11-15T13:12:13","date_gmt":"2025-11-15T13:12:13","guid":{"rendered":"https:\/\/www.europesays.com\/fr\/536024\/"},"modified":"2025-11-15T13:12:13","modified_gmt":"2025-11-15T13:12:13","slug":"un-rassemblement-contre-les-violences-faites-aux-jeunes-a-lyon","status":"publish","type":"post","link":"https:\/\/www.europesays.com\/fr\/536024\/","title":{"rendered":"Un rassemblement contre les violences faites aux jeunes \u00e0 Lyon"},"content":{"rendered":"<p class=\"content\" style=\"font-size:1.2em;font-weight:700\">Ce samedi 15 novembre \u00e0 14h, un rassemblement est organis\u00e9 sur la place des Terreaux par le collectif Enfantiste, en faveur des droits des enfants et des adolescents.<\/p>\n<p>Chaque ann\u00e9e, <a href=\"https:\/\/solidarites.gouv.fr\/plan-de-lutte-contre-les-violences-faites-aux-enfants-2023-2027\" target=\"_blank\" rel=\"noopener\">160 000 enfants sont victimes de violences sexuelles, dont 77 % au sein de la famille<\/a>. Le collectif Enfantiste appelle \u00e0 une mobilisation partout en France ce samedi 15 novembre \u00e0 14h contre les violences faites aux enfants et adolescents. A Lyon, le rendez-vous est donn\u00e9 \u00e0 la place des Terreaux d\u00e8s 14h. Parmi les signataires de cet appel, les syndicats FSU Rh\u00f4ne et Sud Education, et les collectifs citoyens Nous Toutes Rh\u00f4ne et l&rsquo;Organisation de Solidarit\u00e9 Trans.<\/p>\n<p>Le rassemblement r\u00e9sonne particuli\u00e8rement cette ann\u00e9e, suite \u00e0 l&rsquo;affaire Le Scouarnec et B\u00e9tharram, que le collectif consid\u00e8re comme \u00ab\u00a0des faits non isol\u00e9es\u00a0\u00bb, qui traduisent plut\u00f4t d'\u00a0\u00bbune organisation sociale qui sacrifie les enfants, d\u00e9truit leurs vies et prot\u00e8ge les agresseurs et agresseuses\u00a0\u00bb. A travers cette mobilisation, le collectif demande \u00e9galement \u00e0 ce que l\u2019\u00c9tat agisse, en mettant en place \u00ab\u00a0une r\u00e9elle politique ambitieuse, dot\u00e9e de moyens concrets et pas seulement de grands mots, pour l\u2019avenir et la protection de nos jeunes\u00a0\u00bb.<\/p>\n<p><strong>Lire aussi : <\/strong><a href=\"https:\/\/www.lyoncapitale.fr\/actualite\/violences-physiques-personnel-a-bout-une-troisieme-creche-lyonnaise-suspendue\" target=\"_blank\" rel=\"noopener\">Violences physiques, personnel \u00e0 bout\u2026 Une troisi\u00e8me cr\u00e8che lyonnaise suspendue<\/a><\/p>\n","protected":false},"excerpt":{"rendered":"Ce samedi 15 novembre \u00e0 14h, un rassemblement est organis\u00e9 sur la place des Terreaux par le collectif&hellip;\n","protected":false},"author":2,"featured_media":536025,"comment_status":"","ping_status":"","sticky":false,"template":"","format":"standard","meta":{"footnotes":""},"categories":[1889],"tags":[1111,11,2430,1777,674,1011,27,2428,1272,12,25],"class_list":{"0":"post-536024","1":"post","2":"type-post","3":"status-publish","4":"format-standard","5":"has-post-thumbnail","7":"category-lyon","8":"tag-actu","9":"tag-actualites","10":"tag-auvergne-rhone-alpes","11":"tag-eu","12":"tag-europe","13":"tag-fr","14":"tag-france","15":"tag-lyon","16":"tag-manifestations","17":"tag-news","18":"tag-republique-francaise"},"share_on_mastodon":{"url":"https:\/\/pubeurope.com\/@fr\/115553890774292657","error":""},"_links":{"self":[{"href":"https:\/\/www.europesays.com\/fr\/wp-json\/wp\/v2\/posts\/536024","targetHints":{"allow":["GET"]}}],"collection":[{"href":"https:\/\/www.europesays.com\/fr\/wp-json\/wp\/v2\/posts"}],"about":[{"href":"https:\/\/www.europesays.com\/fr\/wp-json\/wp\/v2\/types\/post"}],"author":[{"embeddable":true,"href":"https:\/\/www.europesays.com\/fr\/wp-json\/wp\/v2\/users\/2"}],"replies":[{"embeddable":true,"href":"https:\/\/www.europesays.com\/fr\/wp-json\/wp\/v2\/comments?post=536024"}],"version-history":[{"count":0,"href":"https:\/\/www.europesays.com\/fr\/wp-json\/wp\/v2\/posts\/536024\/revisions"}],"wp:featuredmedia":[{"embeddable":true,"href":"https:\/\/www.europesays.com\/fr\/wp-json\/wp\/v2\/media\/536025"}],"wp:attachment":[{"href":"https:\/\/www.europesays.com\/fr\/wp-json\/wp\/v2\/media?parent=536024"}],"wp:term":[{"taxonomy":"category","embeddable":true,"href":"https:\/\/www.europesays.com\/fr\/wp-json\/wp\/v2\/categories?post=536024"},{"taxonomy":"post_tag","embeddable":true,"href":"https:\/\/www.europesays.com\/fr\/wp-json\/wp\/v2\/tags?post=536024"}],"curies":[{"name":"wp","href":"https:\/\/api.w.org\/{rel}","templated":true}]}}