{"id":536026,"date":"2025-11-15T13:13:15","date_gmt":"2025-11-15T13:13:15","guid":{"rendered":"https:\/\/www.europesays.com\/fr\/536026\/"},"modified":"2025-11-15T13:13:15","modified_gmt":"2025-11-15T13:13:15","slug":"en-se-faisant-passer-pour-des-livreurs-ils-recuperent-120-000-euros-de-bijoux-a-la-croix-rousse","status":"publish","type":"post","link":"https:\/\/www.europesays.com\/fr\/536026\/","title":{"rendered":"en se faisant passer pour des livreurs, ils r\u00e9cup\u00e8rent 120 000 euros de bijoux \u00e0 la Croix-Rousse"},"content":{"rendered":"<p itemprop=\"description\"><strong>Les trois voleurs \u00e9taient bien renseign\u00e9s.<\/strong><\/p>\n<p>Et pour cause, ils ont pu compter sur l&rsquo;aide d&rsquo;un employ\u00e9 d&rsquo;une soci\u00e9t\u00e9 de transport qui les a renseign\u00e9s pour monter leur coup.<\/p>\n<p>Le 14 octobre dernier, c&rsquo;est donc habill\u00e9 en coursier qu&rsquo;un individu se pr\u00e9sentait devant l&rsquo;atelier d&rsquo;une bijouterie \u00e0 la Croix-Rousse.<\/p>\n<p>Gr\u00e2ce \u00e0 la feuille de route des livreurs de l&rsquo;entreprise de son complice, il savait qu&rsquo;il y avait une importante cargaison \u00e0 r\u00e9cup\u00e9rer. Et en arrivant avant le coursier officiel, il avait fait main basse sur 14 colis. A l&rsquo;int\u00e9rieur selon le Progr\u00e8s : 94 bijoux d&rsquo;une valeur globale de 120 000 euros.<\/p>\n<p>Originaires de Lyon et V\u00e9nissieux, les trois malfaiteurs derri\u00e8re ce coup r\u00e9alis\u00e9 sans arme et avec beaucoup de malice ont finalement \u00e9t\u00e9 retrouv\u00e9s par les enqu\u00eateurs, ainsi que leur complice infiltr\u00e9. Et pour cause, ils avaient tent\u00e9 le m\u00eame coup avec trois autres bijouteries qui n&rsquo;\u00e9taient pas tomb\u00e9es dans le panneau et qui avaient pr\u00e9venu les autorit\u00e9s.<\/p>\n<p>Le butin n&rsquo;a pas \u00e9t\u00e9 retrouv\u00e9, les voleurs ayant expliqu\u00e9 lors de leur garde \u00e0 vue \u00a0avoir utilis\u00e9 les bijoux pour rembourser des dettes.<\/p>\n<p>Ils ont \u00e9t\u00e9 mis en examen et \u00e9crou\u00e9s, tandis que le 4e complice a \u00e9t\u00e9 laiss\u00e9 libre sous contr\u00f4le judiciaire.<\/p>\n","protected":false},"excerpt":{"rendered":"Les trois voleurs \u00e9taient bien renseign\u00e9s. Et pour cause, ils ont pu compter sur l&rsquo;aide d&rsquo;un employ\u00e9 d&rsquo;une&hellip;\n","protected":false},"author":2,"featured_media":536027,"comment_status":"","ping_status":"","sticky":false,"template":"","format":"standard","meta":{"footnotes":""},"categories":[1889],"tags":[1111,11,2813,2190,2430,1109,251,1112,2811,1777,674,118,1011,27,1922,1110,1114,2428,2810,12,241,316,25,2812,517,800],"class_list":{"0":"post-536026","1":"post","2":"type-post","3":"status-publish","4":"format-standard","5":"has-post-thumbnail","7":"category-lyon","8":"tag-actu","9":"tag-actualites","10":"tag-article","11":"tag-asvel","12":"tag-auvergne-rhone-alpes","13":"tag-breves","14":"tag-culture","15":"tag-depeches","16":"tag-economique","17":"tag-eu","18":"tag-europe","19":"tag-faits-divers","20":"tag-fr","21":"tag-france","22":"tag-info","23":"tag-informations","24":"tag-infos","25":"tag-lyon","26":"tag-lyonmag","27":"tag-news","28":"tag-ol","29":"tag-politique","30":"tag-republique-francaise","31":"tag-sociale","32":"tag-sport","33":"tag-transports"},"share_on_mastodon":{"url":"https:\/\/pubeurope.com\/@fr\/115553894605951371","error":""},"_links":{"self":[{"href":"https:\/\/www.europesays.com\/fr\/wp-json\/wp\/v2\/posts\/536026","targetHints":{"allow":["GET"]}}],"collection":[{"href":"https:\/\/www.europesays.com\/fr\/wp-json\/wp\/v2\/posts"}],"about":[{"href":"https:\/\/www.europesays.com\/fr\/wp-json\/wp\/v2\/types\/post"}],"author":[{"embeddable":true,"href":"https:\/\/www.europesays.com\/fr\/wp-json\/wp\/v2\/users\/2"}],"replies":[{"embeddable":true,"href":"https:\/\/www.europesays.com\/fr\/wp-json\/wp\/v2\/comments?post=536026"}],"version-history":[{"count":0,"href":"https:\/\/www.europesays.com\/fr\/wp-json\/wp\/v2\/posts\/536026\/revisions"}],"wp:featuredmedia":[{"embeddable":true,"href":"https:\/\/www.europesays.com\/fr\/wp-json\/wp\/v2\/media\/536027"}],"wp:attachment":[{"href":"https:\/\/www.europesays.com\/fr\/wp-json\/wp\/v2\/media?parent=536026"}],"wp:term":[{"taxonomy":"category","embeddable":true,"href":"https:\/\/www.europesays.com\/fr\/wp-json\/wp\/v2\/categories?post=536026"},{"taxonomy":"post_tag","embeddable":true,"href":"https:\/\/www.europesays.com\/fr\/wp-json\/wp\/v2\/tags?post=536026"}],"curies":[{"name":"wp","href":"https:\/\/api.w.org\/{rel}","templated":true}]}}