{"id":536032,"date":"2025-11-15T13:18:13","date_gmt":"2025-11-15T13:18:13","guid":{"rendered":"https:\/\/www.europesays.com\/fr\/536032\/"},"modified":"2025-11-15T13:18:13","modified_gmt":"2025-11-15T13:18:13","slug":"paris-un-animateur-dune-ecole-maternelle-vise-par-une-plainte-pour-viol-aggrave","status":"publish","type":"post","link":"https:\/\/www.europesays.com\/fr\/536032\/","title":{"rendered":"Paris : Un animateur d\u2019une \u00e9cole maternelle vis\u00e9 par une plainte pour \u00ab viol aggrav\u00e9 \u00bb"},"content":{"rendered":"<p class=\"mb-4 text-lg md:leading-8 break-words\"><strong>ENQU\u00caTE &#8211; La m\u00e8re d\u2019une fille de 4 ans a port\u00e9 plainte pour \u00ab\u00a0viol aggrav\u00e9\u00a0\u00bb contre un animateur qui travaillait \u00e0 l\u2019\u00e9cole maternelle Bullourde dans le 11e\u00a0arrondissement de Paris<\/strong><\/p>\n<p class=\"mb-4 text-lg md:leading-8 break-words\">La m\u00e8re d\u2019une fillette de quatre ans a port\u00e9 plainte avec constitution de partie civile pour \u00ab\u00a0<a href=\"https:\/\/www.20minutes.fr\/dossier\/viol?at_medium=RSS%20feed&amp;at_campaign=ynews&amp;utm_source=yahoo&amp;utm_medium=rss&amp;utm_campaign=news_feed&amp;utm_content=in_article_link\" rel=\"nofollow noopener\" target=\"_blank\" data-ylk=\"slk:viol;elm:context_link;itc:0;sec:content-canvas\" class=\"link \">viol <\/a>aggrav\u00e9\u00a0\u00bb contre un animateur de la Ville de Paris, afin qu\u2019un juge d\u2019instruction soit d\u00e9sign\u00e9. L\u2019animateur vis\u00e9 par la <a href=\"https:\/\/www.20minutes.fr\/dossier\/plainte?at_medium=RSS%20feed&amp;at_campaign=ynews&amp;utm_source=yahoo&amp;utm_medium=rss&amp;utm_campaign=news_feed&amp;utm_content=in_article_link\" rel=\"nofollow noopener\" target=\"_blank\" data-ylk=\"slk:plainte;elm:context_link;itc:0;sec:content-canvas\" class=\"link \">plainte <\/a>travaillait \u00e0 la rentr\u00e9e \u00e0 l\u2019\u00e9cole <a href=\"https:\/\/www.20minutes.fr\/dossier\/ecole_maternelle?at_medium=RSS%20feed&amp;at_campaign=ynews&amp;utm_source=yahoo&amp;utm_medium=rss&amp;utm_campaign=news_feed&amp;utm_content=in_article_link\" rel=\"nofollow noopener\" target=\"_blank\" data-ylk=\"slk:maternelle;elm:context_link;itc:0;sec:content-canvas\" class=\"link \">maternelle <\/a>Bullourde dans le 11e\u00a0arrondissement de Paris, selon une information de <a href=\"https:\/\/www.mediapart.fr\/journal\/france\/131125\/violences-sexuelles-paris-une-gestion-de-crise-chaotique-face-aux-soupcons-visant-des-animateurs?at_medium=RSS%20feed&amp;at_campaign=ynews&amp;utm_source=yahoo&amp;utm_medium=rss&amp;utm_campaign=news_feed&amp;utm_content=in_article_link\" rel=\"nofollow noopener\" target=\"_blank\" data-ylk=\"slk:Mediapart;elm:context_link;itc:0;sec:content-canvas\" class=\"link \">Mediapart<\/a>.<\/p>\n<p class=\"mb-4 text-lg md:leading-8 break-words\">\u00ab\u00a0Il y a une opacit\u00e9 compl\u00e8te de la part de la municipalit\u00e9 mais aussi des services d\u2019enqu\u00eate. Les parents ne sont pas inform\u00e9s sur la situation de leurs enfants, ni de l\u2019\u00e9tendue des violences sexuelles\u00a0\u00bb, a expliqu\u00e9 l\u2019avocat de la plaignante Ari\u00e9 Alimi.<\/p>\n<p>Des r\u00e9cup\u00e9rations politiques \u00ab\u00a0indignes\u00a0\u00bb<\/p>\n<p class=\"mb-4 text-lg md:leading-8 break-words\">Les parents, qui souhaitent ainsi \u00ab\u00a0avoir acc\u00e8s au dossier\u00a0\u00bb, ont aussi \u00ab\u00a0\u00e9t\u00e9 particuli\u00e8rement \u00e9chaud\u00e9s par les r\u00e9cup\u00e9rations politiques, qu\u2019ils trouvent indignes, de la part de Rachida Dati\u00a0\u00bb, la ministre de la Culture et candidate \u00e0 la Mairie de Paris.<\/p>\n<p class=\"mb-4 text-lg md:leading-8 break-words\">La m\u00e8re de la fillette d\u00e9nonce des faits de \u00ab\u00a0viol aggrav\u00e9\u00a0\u00bb par l\u2019\u00e2ge de la victime, sa situation de vuln\u00e9rabilit\u00e9, l\u2019abus d\u2019autorit\u00e9 de l\u2019animateur p\u00e9riscolaire et le fait que les faits pourraient s\u2019\u00eatre d\u00e9roul\u00e9s en pr\u00e9sence d\u2019un autre enfant, \u00e0 l\u2019origine du signalement.<\/p>\n<p>Trois animateurs suspendus depuis la rentr\u00e9e<\/p>\n<p class=\"mb-4 text-lg md:leading-8 break-words\">Au total, trois animateurs ont \u00e9t\u00e9 suspendus depuis la rentr\u00e9e scolaire \u00e0 l\u2019\u00e9cole Bullourde. Ils \u00e9taient soup\u00e7onn\u00e9s respectivement de \u00ab\u00a0faits \u00e0 caract\u00e8re sexuel\u00a0\u00bb, \u00ab\u00a0d\u2019exhibition\u00a0\u00bb et \u00ab\u00a0faits d\u2019agression sexuelle\u00a0\u00bb, indiquait mi-octobre la municipalit\u00e9. L\u2019ensemble de ce(&#8230;)<\/p>\n<p class=\"mb-4 text-lg md:leading-8 break-words\"><a href=\"https:\/\/www.20minutes.fr\/faits_divers\/4185822-20251115-paris-animateur-ecole-maternelle-vise-plainte-viol-aggrave?at_medium=RSS%20feed&amp;at_campaign=ynews&amp;utm_source=yahoo&amp;utm_medium=rss&amp;utm_campaign=news_feed&amp;utm_content=read_more_link&quot;\" rel=\"nofollow noopener\" target=\"_blank\" data-ylk=\"slk:Lire la suite sur 20minutes;elm:context_link;itc:0;sec:content-canvas\" class=\"link \">Lire la suite sur 20minutes<\/a><\/p>\n<p>\u00c0 lire aussi :<br \/><a href=\"https:\/\/www.20minutes.fr\/faits_divers\/faits-divers-paris\/4174086-20250919-paris-animateur-ecole-maternelle-suspendu-apres-soupcons-agression-sexuelle?at_medium=RSS%20feed&amp;at_campaign=ynews&amp;utm_source=yahoo&amp;utm_medium=rss&amp;utm_campaign=news_feed&amp;utm_content=related_content_link\" rel=\"nofollow noopener\" target=\"_blank\" data-ylk=\"slk:Paris\u00a0: Un animateur d\u2019une \u00e9cole maternelle suspendu apr\u00e8s des soup\u00e7ons d\u2019agression sexuelle;elm:context_link;itc:0;sec:content-canvas\" class=\"link \">Paris\u00a0: Un animateur d\u2019une \u00e9cole maternelle suspendu apr\u00e8s des soup\u00e7ons d\u2019agression sexuelle<\/a><br \/><a href=\"https:\/\/www.20minutes.fr\/faits_divers\/4178601-20251010-alpes-maritimes-enquete-ouverte-soupcons-viols-enfants-4-ans-ecole-maternelle?at_medium=RSS%20feed&amp;at_campaign=ynews&amp;utm_source=yahoo&amp;utm_medium=rss&amp;utm_campaign=news_feed&amp;utm_content=related_content_link\" rel=\"nofollow noopener\" target=\"_blank\" data-ylk=\"slk:Alpes-Maritimes\u00a0: Une enqu\u00eate ouverte pour des soup\u00e7ons de viols sur des enfants de 4 ans dans une \u00e9cole maternelle;elm:context_link;itc:0;sec:content-canvas\" class=\"link \">Alpes-Maritimes\u00a0: Une enqu\u00eate ouverte pour des soup\u00e7ons de viols sur des enfants de 4 ans dans une \u00e9cole maternelle<\/a><\/p>\n","protected":false},"excerpt":{"rendered":"ENQU\u00caTE &#8211; La m\u00e8re d\u2019une fille de 4 ans a port\u00e9 plainte pour \u00ab\u00a0viol aggrav\u00e9\u00a0\u00bb contre un animateur&hellip;\n","protected":false},"author":2,"featured_media":536033,"comment_status":"","ping_status":"","sticky":false,"template":"","format":"standard","meta":{"footnotes":""},"categories":[1888],"tags":[9073,1111,1928,11,1927,9827,6688,1777,674,1011,27,4112,2789,2381,12,1926,626,1925,25],"class_list":{"0":"post-536032","1":"post","2":"type-post","3":"status-publish","4":"format-standard","5":"has-post-thumbnail","7":"category-paris","8":"tag-11e-arrondissement-de-paris","9":"tag-actu","10":"tag-actu-paris","11":"tag-actualites","12":"tag-actualites-paris","13":"tag-animateur","14":"tag-ecole-maternelle","15":"tag-eu","16":"tag-europe","17":"tag-fr","18":"tag-france","19":"tag-lecole","20":"tag-la-rentree","21":"tag-mairie-de-paris","22":"tag-news","23":"tag-news-paris","24":"tag-paris","25":"tag-paris-news","26":"tag-republique-francaise"},"share_on_mastodon":{"url":"","error":""},"_links":{"self":[{"href":"https:\/\/www.europesays.com\/fr\/wp-json\/wp\/v2\/posts\/536032","targetHints":{"allow":["GET"]}}],"collection":[{"href":"https:\/\/www.europesays.com\/fr\/wp-json\/wp\/v2\/posts"}],"about":[{"href":"https:\/\/www.europesays.com\/fr\/wp-json\/wp\/v2\/types\/post"}],"author":[{"embeddable":true,"href":"https:\/\/www.europesays.com\/fr\/wp-json\/wp\/v2\/users\/2"}],"replies":[{"embeddable":true,"href":"https:\/\/www.europesays.com\/fr\/wp-json\/wp\/v2\/comments?post=536032"}],"version-history":[{"count":0,"href":"https:\/\/www.europesays.com\/fr\/wp-json\/wp\/v2\/posts\/536032\/revisions"}],"wp:featuredmedia":[{"embeddable":true,"href":"https:\/\/www.europesays.com\/fr\/wp-json\/wp\/v2\/media\/536033"}],"wp:attachment":[{"href":"https:\/\/www.europesays.com\/fr\/wp-json\/wp\/v2\/media?parent=536032"}],"wp:term":[{"taxonomy":"category","embeddable":true,"href":"https:\/\/www.europesays.com\/fr\/wp-json\/wp\/v2\/categories?post=536032"},{"taxonomy":"post_tag","embeddable":true,"href":"https:\/\/www.europesays.com\/fr\/wp-json\/wp\/v2\/tags?post=536032"}],"curies":[{"name":"wp","href":"https:\/\/api.w.org\/{rel}","templated":true}]}}