{"id":536042,"date":"2025-11-15T13:23:14","date_gmt":"2025-11-15T13:23:14","guid":{"rendered":"https:\/\/www.europesays.com\/fr\/536042\/"},"modified":"2025-11-15T13:23:14","modified_gmt":"2025-11-15T13:23:14","slug":"le-gouvernement-serbe-se-prepare-a-des-decisions-difficiles-alors-que-les-etats-unis-exigent-toujours-le-retrait-de-entreprises-russes-de-la-compagnie-petroliere-nis","status":"publish","type":"post","link":"https:\/\/www.europesays.com\/fr\/536042\/","title":{"rendered":"Le gouvernement serbe se pr\u00e9pare \u00e0 \u00ab\u00a0des d\u00e9cisions difficiles\u00a0\u00bb alors que les \u00c9tats-Unis exigent toujours le retrait de entreprises russes de la compagnie p\u00e9troli\u00e8re NIS"},"content":{"rendered":"<p>Les \u00c9tats-Unis r\u00e9clament \u00ab\u00a0un changement complet des actionnaires russes\u00a0\u00bb de la compagnie NIS avant de retirer les sanctions qui la visent, a fait savoir le gouvernement serbe qui n&rsquo;exclut pas de prendre le contr\u00f4le de l&rsquo;entreprise.<\/p>\n<p>Le gouvernement am\u00e9ricain insiste sur le <a href=\"https:\/\/www.bfmtv.com\/economie\/entreprises\/energie\/sous-la-pression-des-sanctions-americaines-la-russie-va-se-retirer-de-la-compagnie-petroliere-serbe-nis_AD-202511110426.html\" title=\"Sous la pression des sanctions am\u00e9ricaines, la Russie va se retirer de la compagnie p\u00e9troli\u00e8re serbe NIS\" class=\"internal_link\" rel=\"nofollow noopener\" target=\"_blank\">retrait des compagnies russes de la soci\u00e9t\u00e9 p\u00e9troli\u00e8re serbe NIS<\/a> et maintient des sanctions qui la visent depuis le 9 octobre, a d\u00e9clar\u00e9 samedi la ministre serbe de l&rsquo;Energie, en annon\u00e7ant des d\u00e9cisions \u00ab\u00a0difficiles\u00a0\u00bb que son pays devra prendre dans les prochains jours.<\/p>\n<p>La ministre serbe Dubravka Djedovic Handanovic a expliqu\u00e9 que le gouvernement am\u00e9ricain avait refus\u00e9 une requ\u00eate des avocats de NIS pour r\u00e9clamer la lev\u00e9e des sanctions en \u00e9change d'\u00a0\u00bbun accord sur un changement de gestion\u00a0\u00bb au sein de la compagnie p\u00e9troli\u00e8re, cruciale pour l&rsquo;\u00e9conomie locale. La Serbie a c\u00e9d\u00e9 en 2009 les parts majoritaires dans NIS au g\u00e9ant russe Gazprom Neft.<\/p>\n<p>\u00ab\u00a0Pour la premi\u00e8re fois, l&rsquo;administration am\u00e9ricaine a clairement et sans \u00e9quivoque d\u00e9clar\u00e9 et \u00e9crit qu&rsquo;elle souhaite un changement complet des actionnaires russes dans la propri\u00e9t\u00e9, c&rsquo;est-\u00e0-dire qu&rsquo;elle exige le retrait de la propri\u00e9t\u00e9 russe de la compagnie NIS\u00a0\u00bb, a d\u00e9clar\u00e9 la ministre dans une d\u00e9claration \u00e0 la presse.<\/p>\n<p>Une reprise de la compagnie par le gouvernement pas exclue<\/p>\n<p>Apr\u00e8s plusieurs reports depuis janvier, le minist\u00e8re des Finances des Etats-Unis a commenc\u00e9 \u00e0 appliquer le 9 octobre les sanctions contre NIS, dans le cadre des sanctions plus vastes contre le secteur \u00e9nerg\u00e9tique russe, face au refus de la Russie de mettre fin \u00e0 la guerre en Ukraine. Acteur principal sur le march\u00e9 serbe du p\u00e9trole, NIS g\u00e8re la seule raffinerie dans le pays, \u00e0 Pancevo, pr\u00e8s de Belgrade, qui approvisionne environ 80% du march\u00e9 serbe.<\/p>\n<p>Dans de telles circonstances, la ministre de l&rsquo;Energie serbe a annonc\u00e9 que l&rsquo;Etat serbe allait devoir prendre des \u00ab\u00a0d\u00e9cisions difficiles\u00a0\u00bb, en \u00e9voquant une \u00e9ventuelle d'\u00a0\u00bbreprise de la compagnie\u00a0\u00bb par le gouvernement. \u00ab\u00a0Je sais que le pr\u00e9sident (Aleksandar) Vucic est contre la nationalisation, tout comme beaucoup d&rsquo;entre nous au sein du gouvernement\u00a0\u00bb, a dit Mme Djedovic Handanovic, en annon\u00e7ant pour dimanche une r\u00e9union \u00ab\u00a0extraordinaire\u00a0\u00bb du gouvernement sur le sujet.<\/p>\n<p>\u00ab\u00a0Nous ne permettrons pas que notre pays soit mis en danger, mais nous serons peut-\u00eatre confront\u00e9s dans les jours \u00e0 venir \u00e0 certaines des d\u00e9cisions les plus difficiles de notre histoire\u00a0\u00bb, a poursuivi la ministre, en ajoutant esp\u00e9rer que \u00ab\u00a0nos amis russes comprendront la gravit\u00e9 de la situation\u00a0\u00bb.<\/p>\n","protected":false},"excerpt":{"rendered":"Les \u00c9tats-Unis r\u00e9clament \u00ab\u00a0un changement complet des actionnaires russes\u00a0\u00bb de la compagnie NIS avant de retirer les sanctions&hellip;\n","protected":false},"author":2,"featured_media":536043,"comment_status":"","ping_status":"","sticky":false,"template":"","format":"standard","meta":{"footnotes":""},"categories":[1589],"tags":[11,73,1866,12,1864,1865,1863,308],"class_list":{"0":"post-536042","1":"post","2":"type-post","3":"status-publish","4":"format-standard","5":"has-post-thumbnail","7":"category-etats-unis","8":"tag-actualites","9":"tag-etats-unis","10":"tag-etats-unis-damerique","11":"tag-news","12":"tag-united-states","13":"tag-united-states-of-america","14":"tag-us","15":"tag-usa"},"share_on_mastodon":{"url":"https:\/\/pubeurope.com\/@fr\/115553934117559630","error":""},"_links":{"self":[{"href":"https:\/\/www.europesays.com\/fr\/wp-json\/wp\/v2\/posts\/536042","targetHints":{"allow":["GET"]}}],"collection":[{"href":"https:\/\/www.europesays.com\/fr\/wp-json\/wp\/v2\/posts"}],"about":[{"href":"https:\/\/www.europesays.com\/fr\/wp-json\/wp\/v2\/types\/post"}],"author":[{"embeddable":true,"href":"https:\/\/www.europesays.com\/fr\/wp-json\/wp\/v2\/users\/2"}],"replies":[{"embeddable":true,"href":"https:\/\/www.europesays.com\/fr\/wp-json\/wp\/v2\/comments?post=536042"}],"version-history":[{"count":0,"href":"https:\/\/www.europesays.com\/fr\/wp-json\/wp\/v2\/posts\/536042\/revisions"}],"wp:featuredmedia":[{"embeddable":true,"href":"https:\/\/www.europesays.com\/fr\/wp-json\/wp\/v2\/media\/536043"}],"wp:attachment":[{"href":"https:\/\/www.europesays.com\/fr\/wp-json\/wp\/v2\/media?parent=536042"}],"wp:term":[{"taxonomy":"category","embeddable":true,"href":"https:\/\/www.europesays.com\/fr\/wp-json\/wp\/v2\/categories?post=536042"},{"taxonomy":"post_tag","embeddable":true,"href":"https:\/\/www.europesays.com\/fr\/wp-json\/wp\/v2\/tags?post=536042"}],"curies":[{"name":"wp","href":"https:\/\/api.w.org\/{rel}","templated":true}]}}