{"id":536044,"date":"2025-11-15T13:24:25","date_gmt":"2025-11-15T13:24:25","guid":{"rendered":"https:\/\/www.europesays.com\/fr\/536044\/"},"modified":"2025-11-15T13:24:25","modified_gmt":"2025-11-15T13:24:25","slug":"une-britannique-marche-jusqua-istanbul-pour-la-palestine","status":"publish","type":"post","link":"https:\/\/www.europesays.com\/fr\/536044\/","title":{"rendered":"Une Britannique marche jusqu\u2019\u00e0 Istanbul pour la Palestine"},"content":{"rendered":"<p><img loading=\"lazy\" decoding=\"async\" src=\"https:\/\/www.europesays.com\/fr\/wp-content\/uploads\/2025\/11\/9b09f4b3-lp4ysws2i583g9x4sbym8.webp.webp\" alt=\"L'activiste britannique Ruth Herbert marche de Londres \u00e0 Istanbul afin de collecter des dons pour l'organisation Medical Aid for Palestinians (Aide m\u00e9dicale pour les Palestiniens). Partie de chez elle \u00e0 Arnside le 2 mai 2025, Ruth Herbert, 52 ans, a travers\u00e9 l'Angleterre, la France, la Suisse, l'Italie, la Slov\u00e9nie, le Mont\u00e9n\u00e9gro, l'Albanie, la Mac\u00e9doine du Nord et la Gr\u00e8ce avant d'arriver en T\u00fcrkiye. L'activiste britannique Ruth Herbert s'est confi\u00e9e \u00e0 un journaliste de l'AA.\" width=\"640\" height=\"359\" class=\"ys-img\"\/><\/p>\n<p>L&rsquo;activiste britannique Ruth Herbert marche de Londres \u00e0 Istanbul afin de collecter des dons pour l&rsquo;organisation Medical Aid for Palestinians (Aide m\u00e9dicale pour les Palestiniens). Partie de chez elle \u00e0 Arnside le 2 mai 2025, Ruth Herbert, 52 ans, a travers\u00e9 l&rsquo;Angleterre, la France, la Suisse, l&rsquo;Italie, la Slov\u00e9nie, le Mont\u00e9n\u00e9gro, l&rsquo;Albanie, la Mac\u00e9doine du Nord et la Gr\u00e8ce avant d&rsquo;arriver en T\u00fcrkiye. L&rsquo;activiste britannique Ruth Herbert s&rsquo;est confi\u00e9e \u00e0 un journaliste de l&rsquo;AA.<\/p>\n<p>La militante britannique Ruth Herbert, 52 ans, approche de la fin de sa marche de plus de 6 mois du Royaume-Uni \u00e0 Istanbul, visant \u00e0 r\u00e9colter des fonds pour les Palestiniens.<\/p>\n<p class=\"ys-paragraph-node align-justify\">Partie de sa ville d\u2019Arnside le 2 mai, Herbert a travers\u00e9 le Royaume-Uni, la France, la Suisse, l\u2019Italie, la Slov\u00e9nie, le Mont\u00e9n\u00e9gro, l\u2019Albanie, la Mac\u00e9doine du Nord et la Gr\u00e8ce avant d\u2019arriver en T\u00fcrkiye. Elle conclura son p\u00e9riple samedi \u00e0 Istanbul.<\/p>\n<p class=\"ys-paragraph-node align-justify\">Jusqu\u2019\u00e0 pr\u00e9sent, elle a collect\u00e9 environ 50 000 livres sterling pour l\u2019organisation caritative Medical Aid for Palestinians.<\/p>\n<p class=\"ys-paragraph-node align-justify\">Dans un entretien avec Anadolu, Herbert a expliqu\u00e9 que sa marche \u00e9tait n\u00e9e de son d\u00e9sir de faire davantage pour les Palestiniens, au-del\u00e0 de la participation \u00e0 des manifestations.<\/p>\n<p>\u00ab\u00a0Ce qui m\u2019a inspir\u00e9e, c\u2019est de voir la souffrance des Palestiniens et de ressentir le besoin d\u2019agir. \u00c9crire \u00e0 nos gouvernements ou manifester au Royaume-Uni est courant, mais je sentais que ce n\u2019\u00e9tait pas suffisant\u00a0\u00bb, <\/p>\n<p>a-t-elle d\u00e9clar\u00e9.<\/p>\n<p class=\"ys-paragraph-node align-justify\">Elle a ajout\u00e9 que son objectif \u00e9tait d\u2019apporter de l\u2019espoir dans le d\u00e9sespoir et de rencontrer des personnes en Europe et dans le monde qui soutiennent les Palestiniens. La marche lui a \u00e9galement permis de traiter les horreurs venant de Gaza, contribuant \u00e0 la gu\u00e9rison, pour elle-m\u00eame et pour les Palestiniens.<\/p>\n<p>Herbert a soulign\u00e9 : <\/p>\n<p>\u00ab\u00a0Notre humanit\u00e9 est li\u00e9e \u00e0 la Palestine. Ce que nous faisons pour elle affecte le monde entier. Nous ne pouvons pas rester inactifs alors qu\u2019un peuple est menac\u00e9 et son foyer d\u00e9truit. Nous devons continuer \u00e0 lutter pour la justice.\u00a0\u00bb<\/p>\n<p class=\"ys-paragraph-node align-justify\">Elle a d\u00e9crit son parcours comme physiquement \u00e9prouvant, mais honorifique, traversant 12 pays, rencontrant de nombreuses personnes et constatant des actes de g\u00e9n\u00e9rosit\u00e9, tels que repas et h\u00e9bergements offerts gratuitement.<\/p>\n<p class=\"ys-paragraph-node align-justify\">Herbert a \u00e9galement encourag\u00e9 les dons suppl\u00e9mentaires pour atteindre son objectif de 50 000 livres sterling en faveur de l\u2019aide m\u00e9dicale aux Palestiniens.<\/p>\n<p>#Gaza<\/p>\n<p>#Istanbul<\/p>\n<p>#Palestine<\/p>\n<p>#Ruth Herbert<\/p>\n","protected":false},"excerpt":{"rendered":"L&rsquo;activiste britannique Ruth Herbert marche de Londres \u00e0 Istanbul afin de collecter des dons pour l&rsquo;organisation Medical Aid&hellip;\n","protected":false},"author":2,"featured_media":536045,"comment_status":"","ping_status":"","sticky":false,"template":"","format":"standard","meta":{"footnotes":""},"categories":[1588],"tags":[11,1777,674,665,5886,12,3518,473,1853,65474,1851,1850,1852],"class_list":{"0":"post-536044","1":"post","2":"type-post","3":"status-publish","4":"format-standard","5":"has-post-thumbnail","7":"category-royaume-uni","8":"tag-actualites","9":"tag-eu","10":"tag-europe","11":"tag-gaza","12":"tag-istanbul","13":"tag-news","14":"tag-palestine","15":"tag-royaume-uni","16":"tag-royaume-uni-de-grande-bretagne-et-dirlande-du-nord","17":"tag-ruth-herbert","18":"tag-uk","19":"tag-united-kingdom","20":"tag-united-kingdom-of-great-britain-and-northern-ireland"},"share_on_mastodon":{"url":"https:\/\/pubeurope.com\/@fr\/115553939146243601","error":""},"_links":{"self":[{"href":"https:\/\/www.europesays.com\/fr\/wp-json\/wp\/v2\/posts\/536044","targetHints":{"allow":["GET"]}}],"collection":[{"href":"https:\/\/www.europesays.com\/fr\/wp-json\/wp\/v2\/posts"}],"about":[{"href":"https:\/\/www.europesays.com\/fr\/wp-json\/wp\/v2\/types\/post"}],"author":[{"embeddable":true,"href":"https:\/\/www.europesays.com\/fr\/wp-json\/wp\/v2\/users\/2"}],"replies":[{"embeddable":true,"href":"https:\/\/www.europesays.com\/fr\/wp-json\/wp\/v2\/comments?post=536044"}],"version-history":[{"count":0,"href":"https:\/\/www.europesays.com\/fr\/wp-json\/wp\/v2\/posts\/536044\/revisions"}],"wp:featuredmedia":[{"embeddable":true,"href":"https:\/\/www.europesays.com\/fr\/wp-json\/wp\/v2\/media\/536045"}],"wp:attachment":[{"href":"https:\/\/www.europesays.com\/fr\/wp-json\/wp\/v2\/media?parent=536044"}],"wp:term":[{"taxonomy":"category","embeddable":true,"href":"https:\/\/www.europesays.com\/fr\/wp-json\/wp\/v2\/categories?post=536044"},{"taxonomy":"post_tag","embeddable":true,"href":"https:\/\/www.europesays.com\/fr\/wp-json\/wp\/v2\/tags?post=536044"}],"curies":[{"name":"wp","href":"https:\/\/api.w.org\/{rel}","templated":true}]}}