{"id":536046,"date":"2025-11-15T13:25:17","date_gmt":"2025-11-15T13:25:17","guid":{"rendered":"https:\/\/www.europesays.com\/fr\/536046\/"},"modified":"2025-11-15T13:25:17","modified_gmt":"2025-11-15T13:25:17","slug":"leglise-protestante-dallemagne-juge-legitime-lusage-de-la-force-pour-se-defendre","status":"publish","type":"post","link":"https:\/\/www.europesays.com\/fr\/536046\/","title":{"rendered":"L&rsquo;\u00c9glise protestante d&rsquo;Allemagne juge l\u00e9gitime l&rsquo;usage de la force pour se d\u00e9fendre"},"content":{"rendered":"<p class=\"ap-StoryElement ap-StoryElement--mb ap-StoryText\">Dans sa permanence, le pasteur Kingreen affirme ne pas chercher \u00e0 convaincre les jeunes d&rsquo;\u00e9chapper au service militaire. \u00ab\u00a0C&rsquo;est une d\u00e9cision personnelle\u00a0\u00bb, justifie-t-il. Lui-m\u00eame avoue ne pas savoir ce qu&rsquo;il ferait s&rsquo;il \u00e9tait en \u00e2ge de prendre les armes. \u00ab\u00a0L&rsquo;invasion de l&rsquo;Ukraine m&rsquo;a fortement marqu\u00e9. C&rsquo;est comme une rupture civilisationnelle. Du coup, je ne sais pas si je refuserais de prendre les armes. La r\u00e9ponse est bien plus complexe qu&rsquo;un simple oui ou non\u00a0\u00bb.<\/p>\n<p>Questionnement fondamental<\/p>\n<p class=\"ap-StoryElement ap-StoryElement--mb ap-StoryText\">\u00c0 l&rsquo;image de ce pasteur, l&rsquo;\u00c9glise protestante luth\u00e9rienne d&rsquo;Allemagne (EKD), forte de 18 millions de membres (21,5 % de la population) et qui regroupe 20 \u00c9glises locales, se questionne de mani\u00e8re fondamentale sur les cons\u00e9quences, sur son \u00e9thique de la paix, des changements g\u00e9opolitiques intervenus depuis la guerre d&rsquo;invasion en Ukraine en 2022, et les guerres hybrides mettant en cause la d\u00e9mocratie.<\/p>\n<p class=\"ap-StoryElement ap-StoryElement--mb ap-StoryText\">Le 10 novembre, lors de son synode \u00e0 Dresde, l&rsquo;EKD a pr\u00e9sent\u00e9 un nouveau m\u00e9morandum sur la paix, qui actualise un pr\u00e9c\u00e9dent texte dat\u00e9 en 2007, et qui se veut une \u00ab\u00a0boussole dans une p\u00e9riode marqu\u00e9e par les menaces, les guerres et les conflits\u00a0\u00bb. Le document a d\u00e9clench\u00e9 une pol\u00e9mique, car il revient sur des concepts centraux de l&rsquo;\u00c9glise protestante, comme celui de la renonciation \u00e0 la violence. L&rsquo;<a href=\"https:\/\/www.lalibre.be\/belgique\/judiciaire\/2021\/08\/30\/proteger-les-citoyens-ne-doit-pas-se-faire-au-detriment-des-droits-fondamentaux-HBQYHEJKA5D3JA6SHQHWJWLCVU\/\" target=\"_self\" rel=\"nofollow noopener\">EKD <\/a>maintient l&rsquo;objectif d&rsquo;atteindre \u00ab\u00a0une paix juste\u00a0\u00bb et rappelle que \u00ab\u00a0ceux qui ont recours \u00e0 la violence en sont toujours coupables\u00a0\u00bb. Toutefois, elle constate des dilemmes dans la mise en pratique de ce principe, notamment en cas de violation de l&rsquo;int\u00e9grit\u00e9 territoriale d&rsquo;un \u00c9tat. \u00ab\u00a0Il peut alors \u00eatre n\u00e9cessaire de recourir \u00e0 la violence pour se d\u00e9fendre contre la violence\u00a0\u00bb, juge l&rsquo;\u00e9v\u00eaque Kerstin Fehrs, pr\u00e9sidente de l&rsquo;EKD.<\/p>\n<p><a href=\"https:\/\/www.lalibre.be\/international\/europe\/2025\/03\/06\/lallemagne-desserre-les-cordons-de-sa-bourse-pour-la-defense-et-les-infrastructures-LC73PECENRBZLPB4F3NG52CTKE\/\" target=\"_self\" class=\"ap-StoryInterstitialLink ap-StoryElement ap-StoryElement--mb\" rel=\"nofollow noopener\">L&rsquo;Allemagne d\u00e9serre les cordons de sa bourse pour investir dans la d\u00e9fense et les infrastructures<\/a><\/p>\n<p class=\"ap-StoryElement ap-StoryElement--mb ap-StoryText\">Dans ce contexte, si le document met aussi en garde contre un \u00ab\u00a0armement excessif\u00a0\u00bb, il l\u00e9gitime les politiques actuelles de r\u00e9armement dans le but de se \u00ab\u00a0d\u00e9fendre\u00a0\u00bb. Quant \u00e0 la question des livraisons d&rsquo;armes, elle est \u00e9galement jug\u00e9e \u00ab\u00a0acceptable d&rsquo;un point de vue \u00e9thique\u00a0\u00bb si elle vise \u00e0 \u00ab\u00a0aider de mani\u00e8re urgente des victimes d&rsquo;agressions guerri\u00e8res\u00a0\u00bb, comme c&rsquo;est le cas actuellement avec l&rsquo;Ukraine.<\/p>\n<p class=\"ap-StoryElement ap-StoryElement--mb ap-StoryText\">Le texte se penche aussi sur la question tr\u00e8s sensible de la dissuasion nucl\u00e9aire. L&rsquo;EKD rappelle viser \u00ab\u00a0un monde sans armes nucl\u00e9aires\u00a0\u00bb, mais, et c&rsquo;est une autre nouveaut\u00e9, reconna\u00eet que \u00ab\u00a0leur abandon repr\u00e9sente un risque pour les \u00c9tats\u00a0\u00bb.<\/p>\n<p>Renoncement ou \u00e9volution ?<\/p>\n<p class=\"ap-StoryElement ap-StoryElement--mb ap-StoryText\">Dans une \u00c9glise traditionnellement en pointe sur les questions antimilitaristes, ce texte suscite de tr\u00e8s vifs d\u00e9bats. Deux organisations protestantes travaillant sur le th\u00e8me de la paix parlent de \u00ab\u00a0renoncements\u00a0\u00bb de la part de l&rsquo;EKD et voient \u00ab\u00a0un abandon du pacifisme\u00a0\u00bb. M\u00eame le pasteur Friedrich Kramer, pourtant charg\u00e9 des questions de la paix au sein de l&rsquo;EKD, juge que le texte va trop loin sur le dossier nucl\u00e9aire. Lors d&rsquo;une conf\u00e9rence organis\u00e9e le 13 novembre, \u00e0 Berlin, et qui a fait salle comble, l&rsquo;\u00e9v\u00eaque Kerstin Fehrs a tent\u00e9 de r\u00e9pondre \u00e0 ces critiques. \u00ab\u00a0Ce texte n&rsquo;est pas un tournant, il apporte des nuances au texte datant de 2007. Ce n&rsquo;est en rien un abandon du pacifisme. Au contraire, nous souhaitons donner de l&rsquo;espoir, nous voulons renforcer la r\u00e9silience de notre soci\u00e9t\u00e9, et croyons fermement qu&rsquo;une paix juste est possible, mais nous prenons acte de la r\u00e9alit\u00e9\u00a0\u00bb, estime-t-elle.<\/p>\n<p><a href=\"https:\/\/www.lalibre.be\/international\/europe\/2025\/06\/24\/rearmement-de-leurope-berlin-confirme-son-engagement-pour-remettre-a-niveau-son-armee-RCTAEBVMVJBW5I5WVGA7DT2VEQ\/\" target=\"_self\" class=\"ap-StoryInterstitialLink ap-StoryElement ap-StoryElement--mb\" rel=\"nofollow noopener\">R\u00e9armement de l&rsquo;Europe: Berlin confirme son engagement pour remettre \u00e0 niveau son arm\u00e9e<\/a>D\u00e9bat parmi les croyants<\/p>\n<p class=\"ap-StoryElement ap-StoryElement--mb ap-StoryText\">Une chose est s\u00fbre, le besoin de d\u00e9battre sur ces questions fondamentales est perceptible parmi les croyants. \u00ab\u00a0J&rsquo;ai longtemps \u00e9t\u00e9 oppos\u00e9e aux armes mais malheureusement, je pense qu&rsquo;elles sont indispensables dans certains cas. J&rsquo;ai chang\u00e9 d&rsquo;avis le 22 f\u00e9vrier 2022 avec l&rsquo;invasion de l&rsquo;Ukraine\u00a0\u00bb, reconna\u00eet Carola Vonhof, membre d&rsquo;une paroisse berlinoise, venue assister \u00e0 ce d\u00e9bat. \u00ab\u00a0Avec ce nouveau texte, j&rsquo;esp\u00e8re trouver des bases pour expliquer comment, nous, chr\u00e9tiens, pouvons l\u00e9gitimer les exportations d&rsquo;armes\u00a0\u00bb, ajoute-t-elle.<\/p>\n<p class=\"ap-StoryElement ap-StoryElement--mb ap-StoryText\">Ce document a re\u00e7u le soutien du chef de la diplomatie, Johann Wadephul, lui aussi de confession luth\u00e9rienne. \u00ab\u00a0En tant que chr\u00e9tien et en tant que ministre des affaires \u00e9trang\u00e8res, je suis reconnaissant envers l&rsquo;EKD pour ce texte\u00a0\u00bb, a-t-il lanc\u00e9 lors de ce podium \u00e0 Berlin. \u00ab\u00a0Il faut pouvoir se d\u00e9fendre pour ne pas devoir se d\u00e9fendre\u00a0\u00bb, r\u00e9sume-t-il. Cette phrase est devenue le mot d&rsquo;ordre de l&rsquo;Allemagne depuis son \u00ab\u00a0changement d&rsquo;\u00e9poque\u00a0\u00bb de 2022.<\/p>\n","protected":false},"excerpt":{"rendered":"Dans sa permanence, le pasteur Kingreen affirme ne pas chercher \u00e0 convaincre les jeunes d&rsquo;\u00e9chapper au service militaire.&hellip;\n","protected":false},"author":2,"featured_media":536047,"comment_status":"","ping_status":"","sticky":false,"template":"","format":"standard","meta":{"footnotes":""},"categories":[1587],"tags":[11,672,1804,1805,1803,1777,674,1801,1227,12,1802],"class_list":{"0":"post-536046","1":"post","2":"type-post","3":"status-publish","4":"format-standard","5":"has-post-thumbnail","7":"category-allemagne","8":"tag-actualites","9":"tag-allemagne","10":"tag-bundesrepublik-deutschland","11":"tag-de","12":"tag-deutschland","13":"tag-eu","14":"tag-europe","15":"tag-germany","16":"tag-horizontal","17":"tag-news","18":"tag-republique-federale-dallemagne"},"share_on_mastodon":{"url":"https:\/\/pubeurope.com\/@fr\/115553942057026826","error":""},"_links":{"self":[{"href":"https:\/\/www.europesays.com\/fr\/wp-json\/wp\/v2\/posts\/536046","targetHints":{"allow":["GET"]}}],"collection":[{"href":"https:\/\/www.europesays.com\/fr\/wp-json\/wp\/v2\/posts"}],"about":[{"href":"https:\/\/www.europesays.com\/fr\/wp-json\/wp\/v2\/types\/post"}],"author":[{"embeddable":true,"href":"https:\/\/www.europesays.com\/fr\/wp-json\/wp\/v2\/users\/2"}],"replies":[{"embeddable":true,"href":"https:\/\/www.europesays.com\/fr\/wp-json\/wp\/v2\/comments?post=536046"}],"version-history":[{"count":0,"href":"https:\/\/www.europesays.com\/fr\/wp-json\/wp\/v2\/posts\/536046\/revisions"}],"wp:featuredmedia":[{"embeddable":true,"href":"https:\/\/www.europesays.com\/fr\/wp-json\/wp\/v2\/media\/536047"}],"wp:attachment":[{"href":"https:\/\/www.europesays.com\/fr\/wp-json\/wp\/v2\/media?parent=536046"}],"wp:term":[{"taxonomy":"category","embeddable":true,"href":"https:\/\/www.europesays.com\/fr\/wp-json\/wp\/v2\/categories?post=536046"},{"taxonomy":"post_tag","embeddable":true,"href":"https:\/\/www.europesays.com\/fr\/wp-json\/wp\/v2\/tags?post=536046"}],"curies":[{"name":"wp","href":"https:\/\/api.w.org\/{rel}","templated":true}]}}