{"id":536060,"date":"2025-11-15T13:34:11","date_gmt":"2025-11-15T13:34:11","guid":{"rendered":"https:\/\/www.europesays.com\/fr\/536060\/"},"modified":"2025-11-15T13:34:11","modified_gmt":"2025-11-15T13:34:11","slug":"carlos-alcaraz-felix-auger-aliassime-atp-finals-masters-turin-demi-finales-samedi-15-novembre-2025-lequipe","status":"publish","type":"post","link":"https:\/\/www.europesays.com\/fr\/536060\/","title":{"rendered":"Carlos Alcaraz &#8211; F\u00e9lix Auger-Aliassime, ATP Finals, Masters (Turin), Demi-finales, Samedi 15 novembre 2025 &#8211; L&#039;\u00c9quipe"},"content":{"rendered":"<ol>\n<li><a href=\"https:\/\/news.google.com\/rss\/articles\/CBMi2AFBVV95cUxNbExYMDZFc1h4aHRjMFFibkNGR3RqV0pZRVp4Yk1jWUp1aW9oZlVCc0tfYkUtY19ONWV4WmFwZ2JYU0tPQVAtQ2EtVm5QQTdJcEtpZ2V3LTVHeEYxV3BzcE5Ec1FOd3pCMDlhZGJxUGZhU1FVZmJRMklwX3RJbjkwbFluQjIwVnZOSkItQTlFcnNIaG9OdGloZlByRFN2RTdQMDVyelV3QkpjU0pzb2hmUmI0ZnA0SUlMYnpPdnV5d2hXRG84WHhyWXhFT1owN2V0NmlCTjI2Tkg?oc=5\" target=\"_blank\" rel=\"nofollow noopener\">Carlos Alcaraz &#8211; F\u00e9lix Auger-Aliassime, ATP Finals, Masters (Turin), Demi-finales, Samedi 15 novembre 2025<\/a>&nbsp;&nbsp;L&rsquo;\u00c9quipe<\/li>\n<li><a href=\"https:\/\/news.google.com\/rss\/articles\/CBMixwFBVV95cUxQOHpFOWd4cTFZTEh2WjR4ajhGcTFrc2NiOFJKeERJOHBLS1NZRlhNRFZEck1xYmZaZ01namRpUlNXZFAtQ19teUNOLXR6bEVVbTk5aFE4bEQtZzAxM2t1MlVMdHJ5NGw0bjVzZXkydzJveDZXTlVzcTNKQ0UxUnlZTEpNQ2ZzNVdYalhjYWVvM2g1MnR2TUtpS1RKajNsM09RWFZHaS1KdmJTeEhfZVhfZ3lDTW96LTk2dW5XbnpwRXFra2oyYmVF?oc=5\" target=\"_blank\" rel=\"nofollow noopener\">Finales ATP : \u00e0 quelle heure et sur quelle cha\u00eene suivre les demi-finales \u00e0 Turin ?<\/a>&nbsp;&nbsp;L&rsquo;\u00c9quipe<\/li>\n<li><a href=\"https:\/\/news.google.com\/rss\/articles\/CBMitAFBVV95cUxOM3VpQVVZcTZ5YXJGNTl6Q2pGVzJPZDN2RTM5UDY3OFF2RjJkd1E0bGh6WHpyNm52SzdfM3J1aEpQdGV4Q3A0UE9DNENrcHM2RWYwWEpPbUhsZ1NGeDJ2S2pRMm1ZUlRqb1pSTUJ4d1NQUmlmM3hmNE91Ni1PSklyVXhocy1CNmNvWEMxYWJLOFpfSUM2ZkhfM2E5bHk2MDMyQmNNTjY2eU1IWGRNRkY1QWpKX1o?oc=5\" target=\"_blank\" rel=\"nofollow noopener\">Jannik Sinner &#8211; Alex de Minaur en direct &#8211; ATP Finals : Tennis Scores &amp; R\u00e9sultats &#8211; 15\/11\/2025<\/a>&nbsp;&nbsp;Eurosport<\/li>\n<li><a href=\"https:\/\/news.google.com\/rss\/articles\/CBMi6AFBVV95cUxPT2ZxX0RTM29XWlJhR2hZUURTaG8tWnI4YmxwTEVSVExMTzF5VFZfc1pMWHI5YjVFTHB4dGZrdFRkQU1DSF9uMHNZMkpCWGlMclNRQkhzUjlpU3pmSF9qTTlOLTYzVUJWajY1SVJ2VDdmWUF2d0p2SVRja0QwLWtFUF9mTTZyS0hwaWdTVlVacEROa3ZIenlQdTZEamZ4eVktUlBpT2JmdDRWN0FlVk9IY1JpX2dUR1ZGSkljcW85eFBVV0o4UTg1M05jdmpyaUk2Y19KWVZfU21FNk9FOVJGOVNkdVVqaFNO?oc=5\" target=\"_blank\" rel=\"nofollow noopener\">Masters ATP. Jannik Sinner domine Alexander Zverev et se qualifie pour les demi-finales . Sport<\/a>&nbsp;&nbsp;MaVille.com &#8211; Rennes<\/li>\n<li><a href=\"https:\/\/news.google.com\/rss\/articles\/CBMisgFBVV95cUxPY1hDSGlsM2FyUmYtQURzVXdJUFJiUVdCSDI3VDE3UmhRWW5JcGRBOENGWkdFbHhnUm1VcmZoX2hDWEE3bFplTVA4SE9XN3hxRnoxdDJ6N0NCR1JOclJHazBHNGZ1eUw2NFN5SmRXTWE4OVVXdV9fZFY0WXQ3ZUdzZEc4SlBCUnZoRHdFdlZuR29ITlNfSndLbG1qZkFsZ19TenFQT0xKdG1PLUdOUHhlOER3?oc=5\" target=\"_blank\" rel=\"nofollow noopener\">Horaires et cha\u00eenes des demi-finales des ATP Finals du 15 novembre<\/a>&nbsp;&nbsp;20 Minutes<\/li>\n<\/ol>\n","protected":false},"excerpt":{"rendered":"Carlos Alcaraz &#8211; F\u00e9lix Auger-Aliassime, ATP Finals, Masters (Turin), Demi-finales, Samedi 15 novembre 2025&nbsp;&nbsp;L&rsquo;\u00c9quipe Finales ATP : \u00e0&hellip;\n","protected":false},"author":2,"featured_media":505009,"comment_status":"","ping_status":"","sticky":false,"template":"","format":"standard","meta":{"footnotes":""},"categories":[1415],"tags":[1011,27,60,1467],"class_list":{"0":"post-536060","1":"post","2":"type-post","3":"status-publish","4":"format-standard","5":"has-post-thumbnail","7":"category-tennis","8":"tag-fr","9":"tag-france","10":"tag-sports","11":"tag-tennis"},"share_on_mastodon":{"url":"https:\/\/pubeurope.com\/@fr\/115553977184253731","error":""},"_links":{"self":[{"href":"https:\/\/www.europesays.com\/fr\/wp-json\/wp\/v2\/posts\/536060","targetHints":{"allow":["GET"]}}],"collection":[{"href":"https:\/\/www.europesays.com\/fr\/wp-json\/wp\/v2\/posts"}],"about":[{"href":"https:\/\/www.europesays.com\/fr\/wp-json\/wp\/v2\/types\/post"}],"author":[{"embeddable":true,"href":"https:\/\/www.europesays.com\/fr\/wp-json\/wp\/v2\/users\/2"}],"replies":[{"embeddable":true,"href":"https:\/\/www.europesays.com\/fr\/wp-json\/wp\/v2\/comments?post=536060"}],"version-history":[{"count":0,"href":"https:\/\/www.europesays.com\/fr\/wp-json\/wp\/v2\/posts\/536060\/revisions"}],"wp:featuredmedia":[{"embeddable":true,"href":"https:\/\/www.europesays.com\/fr\/wp-json\/wp\/v2\/media\/505009"}],"wp:attachment":[{"href":"https:\/\/www.europesays.com\/fr\/wp-json\/wp\/v2\/media?parent=536060"}],"wp:term":[{"taxonomy":"category","embeddable":true,"href":"https:\/\/www.europesays.com\/fr\/wp-json\/wp\/v2\/categories?post=536060"},{"taxonomy":"post_tag","embeddable":true,"href":"https:\/\/www.europesays.com\/fr\/wp-json\/wp\/v2\/tags?post=536060"}],"curies":[{"name":"wp","href":"https:\/\/api.w.org\/{rel}","templated":true}]}}