{"id":536063,"date":"2025-11-15T13:39:16","date_gmt":"2025-11-15T13:39:16","guid":{"rendered":"https:\/\/www.europesays.com\/fr\/536063\/"},"modified":"2025-11-15T13:39:16","modified_gmt":"2025-11-15T13:39:16","slug":"mercato-crystal-palace-fixe-le-prix-pour-daniel-munoz","status":"publish","type":"post","link":"https:\/\/www.europesays.com\/fr\/536063\/","title":{"rendered":"Mercato \u2013 Crystal Palace fixe le prix pour Daniel Mu\u00f1oz &#8211;"},"content":{"rendered":"<p><img width=\"700\" height=\"350\" src=\"https:\/\/www.europesays.com\/fr\/wp-content\/uploads\/2025\/11\/Munoz.jpg\" class=\"attachment-jannah-image-post size-jannah-image-post wp-post-image\" alt=\"Mu\u00f1oz\" is_main_img=\"1\" decoding=\"async\" fetchpriority=\"high\"  \/><\/p>\n<p>Le nom de Daniel Mu\u00f1oz est apparu dans l\u2019actualit\u00e9 mercato<br \/>\ndu PSG. Il penserait \u00e0 lui pour remplacer Achraf Hakimi. Crystal<br \/>\nPalace a fix\u00e9 son prix pour son lat\u00e9ral droit.\u00a0<\/p>\n<p>Victime d\u2019une <a href=\"https:\/\/canal-supporters.com\/psg-ousmane-dembele-achraf-hakimi-nuno-mendes-un-point-medical-charge\/\" title=\"\" target=\"_blank\" rel=\"noopener\">entorse s\u00e9v\u00e8re<\/a> de la cheville gauche apr\u00e8s un tacle<br \/>\npar derri\u00e8re de <strong>Luis Diaz<\/strong> lors de la rencontre<br \/>\nentre le <strong>PSG<\/strong> et le <strong>Bayern Munich<\/strong><br \/>\nen <strong>Ligue des champions<\/strong>, <strong>Achraf<br \/>\nHakimi<\/strong> va manquer plusieurs semaines de comp\u00e9titions avec<br \/>\nle club de la capitale. Si l\u2019achat d\u2019un lat\u00e9ral droit n\u2019\u00e9tait pas<br \/>\nune des priorit\u00e9s des dirigeants parisiens, cela pourrait changer<br \/>\navec cette absence prolong\u00e9e de l\u2019international marocain. Plusieurs<br \/>\nnoms ont \u00e9t\u00e9 avanc\u00e9s ces derniers jours dans cette optique, dont<br \/>\ncelui de <strong><a href=\"https:\/\/canal-supporters.com\/un-joueur-de-crystal-palace-pour-remplacer-hakimi\/\" title=\"\" target=\"_blank\" rel=\"noopener\">Daniel Mu\u00f1oz<\/a><\/strong>.\u00a0<\/p>\n<p><a href=\"https:\/\/x.com\/CanalSupporters\" target=\"_blank\" rel=\"noopener\" title=\"\">canalsupporters.com<\/a><\/p>\n<p>Le joueur aspire<br \/>\n\u00e0 franchir un cap dans sa carri\u00e8re<\/p>\n<p>Performant avec <strong>Crystal Palace<\/strong>, l\u2019international<br \/>\ncolombien serait dans le viseur du <strong>PSG<\/strong> pour<br \/>\nremplacer son num\u00e9ro 2. Mais dans ce dossier, le champion<br \/>\nd\u2019<strong>Europe<\/strong> n\u2019est pas seul puisque <strong>Manchester<br \/>\nCity<\/strong>, le <strong>FC Barcelone<\/strong> et<br \/>\n<strong>Chelsea<\/strong> aimeraient le recruter. Selon les<br \/>\ninformations de <a href=\"https:\/\/www.caughtoffside.com\/2025\/11\/14\/chelsea-in-contact-over-bargain-transfer-of-premier-league-star\/\" target=\"_blank\" rel=\"noopener\" title=\"\">Caughtoffside<\/a>,<br \/>\n<strong>Crystal Palace<\/strong> ouvrirait la porte \u00e0 un d\u00e9part de<br \/>\n<strong>Daniel Mu\u00f1oz<\/strong> uniquement s\u2019il recevait au minimum<br \/>\n30 millions d\u2019euros pour son transfert. Le m\u00e9dia sp\u00e9cialiste du<br \/>\nmercato conclut en expliquant que le joueur ne serait pas contre<br \/>\nquitter le club londonien, lui qui aspire \u00e0 franchir un cap dans sa<br \/>\ncarri\u00e8re et \u00e0 rejoindre un club plus prestigieux.<\/p><\/p>\n","protected":false},"excerpt":{"rendered":"Le nom de Daniel Mu\u00f1oz est apparu dans l\u2019actualit\u00e9 mercato du PSG. Il penserait \u00e0 lui pour remplacer&hellip;\n","protected":false},"author":2,"featured_media":536064,"comment_status":"","ping_status":"","sticky":false,"template":"","format":"standard","meta":{"footnotes":""},"categories":[1410],"tags":[65543,81,11871,25114,787,65544,5695,63,1011,27,65545,16663,1434,1435,65546,626,91,92,93,60,96],"class_list":{"0":"post-536063","1":"post","2":"type-post","3":"status-publish","4":"format-standard","5":"has-post-thumbnail","7":"category-football","8":"tag-arriere-droit","9":"tag-canal-supporters","10":"tag-chelsea","11":"tag-crystal-palace","12":"tag-cs","13":"tag-daniel-munoz","14":"tag-fc-barcelone","15":"tag-football","16":"tag-fr","17":"tag-france","18":"tag-lateral-droit","19":"tag-manchester-city","20":"tag-mercato","21":"tag-mercato-psg","22":"tag-munoz","23":"tag-paris","24":"tag-paris-saint-germain","25":"tag-paris-sg","26":"tag-psg","27":"tag-sports","28":"tag-une"},"share_on_mastodon":{"url":"https:\/\/pubeurope.com\/@fr\/115553997815387582","error":""},"_links":{"self":[{"href":"https:\/\/www.europesays.com\/fr\/wp-json\/wp\/v2\/posts\/536063","targetHints":{"allow":["GET"]}}],"collection":[{"href":"https:\/\/www.europesays.com\/fr\/wp-json\/wp\/v2\/posts"}],"about":[{"href":"https:\/\/www.europesays.com\/fr\/wp-json\/wp\/v2\/types\/post"}],"author":[{"embeddable":true,"href":"https:\/\/www.europesays.com\/fr\/wp-json\/wp\/v2\/users\/2"}],"replies":[{"embeddable":true,"href":"https:\/\/www.europesays.com\/fr\/wp-json\/wp\/v2\/comments?post=536063"}],"version-history":[{"count":0,"href":"https:\/\/www.europesays.com\/fr\/wp-json\/wp\/v2\/posts\/536063\/revisions"}],"wp:featuredmedia":[{"embeddable":true,"href":"https:\/\/www.europesays.com\/fr\/wp-json\/wp\/v2\/media\/536064"}],"wp:attachment":[{"href":"https:\/\/www.europesays.com\/fr\/wp-json\/wp\/v2\/media?parent=536063"}],"wp:term":[{"taxonomy":"category","embeddable":true,"href":"https:\/\/www.europesays.com\/fr\/wp-json\/wp\/v2\/categories?post=536063"},{"taxonomy":"post_tag","embeddable":true,"href":"https:\/\/www.europesays.com\/fr\/wp-json\/wp\/v2\/tags?post=536063"}],"curies":[{"name":"wp","href":"https:\/\/api.w.org\/{rel}","templated":true}]}}