{"id":536069,"date":"2025-11-15T13:43:19","date_gmt":"2025-11-15T13:43:19","guid":{"rendered":"https:\/\/www.europesays.com\/fr\/536069\/"},"modified":"2025-11-15T13:43:19","modified_gmt":"2025-11-15T13:43:19","slug":"jetais-parti-pour-matthieu-delormeau-ruine-cet-ancien-salaire-exorbitant-quil-regrette-aujourdhui","status":"publish","type":"post","link":"https:\/\/www.europesays.com\/fr\/536069\/","title":{"rendered":"\u00ab\u00a0J\u2019\u00e9tais parti pour\u2026\u00a0\u00bb Matthieu Delormeau ruin\u00e9 ? Cet ancien salaire exorbitant qu\u2019il regrette aujourd\u2019hui"},"content":{"rendered":"<p><a href=\"https:\/\/www.closermag.fr\/tv_tele_realite\/de-la-drogue-dans-les-coulisses-de-tbt9-se-faire-une-ligne-les-chroniqueurs-brisent-le-tabou-3580814\" target=\"_blank\" rel=\"noopener\"><br \/>\nLaurent Fontaine tient en haute estime Matthieu Delormeau<\/a>.<br \/>\nSelon lui, il s&rsquo;agit du <strong>\u00ab\u00a0meilleur chroniqueur de Cyril<br \/>\nHanouna ever\u00a0\u00bb.<\/strong> \u00ab\u00a0Je rajouterais un tout petit peu mon ami<br \/>\nGilles [Verdez, ndlr] que j&rsquo;aime d\u00e9tester de temps en temps mais<br \/>\nque je reconnais particuli\u00e8rement talentueux et pr\u00e9sent dans cette<br \/>\n\u00e9mission\u00a0\u00bb, l&rsquo;a encens\u00e9 l&rsquo;ex-camarade de Pascal Bataille dans<br \/>\nTBT9, ce vendredi 14 novembre 2025.<\/p>\n<p>Le principal int\u00e9ress\u00e9 n&rsquo;a <strong>pas une haute opinion de<br \/>\nlui-m\u00eame<\/strong> et pr\u00e9f\u00e8re se comparer \u00e0 un pilote de Formule 1,<br \/>\nJean Alesi. \u00ab\u00a0Il a commenc\u00e9 \u00e0 20 ans \u00e0 peu pr\u00e8s. On l&rsquo;appelait<br \/>\n&lsquo;l&rsquo;espoir&rsquo;. Un jour, il a eu 45 ans. Il n&rsquo;a eu qu&rsquo;une victoire<br \/>\n[&#8230;] Moi,\u00a0j&rsquo;ai \u00e9t\u00e9 [l&rsquo;espoir, ndlr] Mais il ne s&rsquo;est pas<br \/>\nconcr\u00e9tis\u00e9, voil\u00e0, c&rsquo;est tout.\u00a0\u00bb <strong>Une modestie qu&rsquo;on ne<br \/>\nlui a pas toujours connu.<\/strong><\/p>\n<p>Matthieu Delormeau : ce salaire compl\u00e8tement fou qu&rsquo;on lui<br \/>\nversait<\/p>\n<p class=\"p1\">Il fut un temps o\u00f9 Matthieu Delormeau \u00e9tait <a href=\"https:\/\/www.closermag.fr\/tv-tele-realite\/tpmp\/matthieu-delormeau-explique-pourquoi-il-a-quitte-nrj12-video-676028\" target=\"_blank\" rel=\"noopener\"><br \/>\nun visage incontournable de NRJ12,<\/a> cha\u00eene de la TNT disparue au<br \/>\nmois de f\u00e9vrier dernier en m\u00eame temps que C8. \u00ab\u00a0Quand je me suis<br \/>\nretrouv\u00e9 sur NRJ12, j\u2019animais Tellement vrai, Le Mag, Star<br \/>\nAcademy\u00a0\u00bb, s&rsquo;est-il souvenu hier soir, \u00e9voquant dans la foul\u00e9e<br \/>\nle salaire exorbitant dont on le gratifiait au fa\u00eete de sa<br \/>\ngloire.<\/p>\n<p class=\"p1\">\u00ab\u00a0<strong>J&rsquo;\u00e9tais pay\u00e9 18 000 euros brut par<br \/>\nmois<\/strong>, je n\u2019avais pas de charges, pas d\u2019enfants et<br \/>\nquasiment pas de loyer\u00a0\u00bb. Une r\u00e9mun\u00e9ration plus que confortable<br \/>\nqui lui permettait de maintenir <strong>un train de vie<br \/>\nluxueux<\/strong>. \u00ab\u00a0<strong>J\u2019avais une Porsche<\/strong>,<br \/>\nj\u2019\u00e9tais beau gosse, j\u2019\u00e9tais muscl\u00e9, j\u2019avais qui je voulais en bo\u00eete<br \/>\nde nuit, j\u2019avais un assistant\u2026\u00a0\u00bb<\/p>\n<p>Matthieu Delormeau : l&rsquo;argent a-t-il fait son malheur<br \/>\n?<\/p>\n<p>Matthieu Delormeau <strong>a fait acte de contrition<\/strong><br \/>\nsur le plateau de TBT9, ce vendredi. Ses ann\u00e9es sur NRJ12 ont \u00e9t\u00e9<br \/>\naussi celles des caprices. \u00ab\u00a0<strong>Je ne supportais pas qu\u2019on<br \/>\nme dise non<\/strong> sinon je faisais un scandale. J\u2019avais ma<br \/>\nmaquilleuse, ma loge, ma place de parking et je demandais \u00e0 voyager<br \/>\nen business class\u00a0\u00bb, a-t-il admis.<\/p>\n<p>Un comportement encourag\u00e9 par son salaire exponentiel. \u00ab\u00a0Je<br \/>\ngagnais 18.000 euros par mois et <strong>j\u2019ai gagn\u00e9 beaucoup plus<br \/>\npar la suite<\/strong>. J\u2019ai cr\u00e9\u00e9 ma soci\u00e9t\u00e9 et tout s\u2019est<br \/>\nd\u00e9velopp\u00e9.\u00a0\u00bb Et de s&rsquo;amender : \u00ab\u00a0Plus \u00e7a se d\u00e9veloppait,<br \/>\nplus j\u2019avais d\u2019argent et plus j\u2019\u00e9tais malheureux. J\u2019ai voulu<br \/>\nacqu\u00e9rir des appartements et des soci\u00e9t\u00e9s, <strong>j\u2019ai voulu voir<br \/>\ntrop grand<\/strong>.\u00a0\u00bb <strong>D\u00e9sormais \u00e0 la table de<\/strong><br \/>\n<a href=\"https:\/\/www.closermag.fr\/people\/matthieu-delormeau-admet-prendre-les-femmes-voilees-en-photo-en-plein-direct-cyril-hanouna-ne-sait-plus-ou-se-mettre-3588951\" target=\"_blank\" rel=\"noopener\"><br \/>\nCyril Hanouna<\/a> sur W9, Matthieu Delormeau se dit apais\u00e9, m\u00eame<br \/>\ns<strong>&lsquo;il esp\u00e9rait mener une \u00ab\u00a0carri\u00e8re\u00a0\u00bb<\/strong> et non<br \/>\nsimplement s&rsquo;engager dans un \u00ab\u00a0parcours\u00a0\u00bb \u00e0 la<br \/>\nt\u00e9l\u00e9vision.<\/p>\n","protected":false},"excerpt":{"rendered":"Laurent Fontaine tient en haute estime Matthieu Delormeau. Selon lui, il s&rsquo;agit du \u00ab\u00a0meilleur chroniqueur de Cyril Hanouna&hellip;\n","protected":false},"author":2,"featured_media":536070,"comment_status":"","ping_status":"","sticky":false,"template":"","format":"standard","meta":{"footnotes":""},"categories":[1356],"tags":[58,59,1011,27,7830,252,1364],"class_list":{"0":"post-536069","1":"post","2":"type-post","3":"status-publish","4":"format-standard","5":"has-post-thumbnail","7":"category-television","8":"tag-divertissement","9":"tag-entertainment","10":"tag-fr","11":"tag-france","12":"tag-matthieu-delormeau","13":"tag-television","14":"tag-tv"},"share_on_mastodon":{"url":"https:\/\/pubeurope.com\/@fr\/115554013212765628","error":""},"_links":{"self":[{"href":"https:\/\/www.europesays.com\/fr\/wp-json\/wp\/v2\/posts\/536069","targetHints":{"allow":["GET"]}}],"collection":[{"href":"https:\/\/www.europesays.com\/fr\/wp-json\/wp\/v2\/posts"}],"about":[{"href":"https:\/\/www.europesays.com\/fr\/wp-json\/wp\/v2\/types\/post"}],"author":[{"embeddable":true,"href":"https:\/\/www.europesays.com\/fr\/wp-json\/wp\/v2\/users\/2"}],"replies":[{"embeddable":true,"href":"https:\/\/www.europesays.com\/fr\/wp-json\/wp\/v2\/comments?post=536069"}],"version-history":[{"count":0,"href":"https:\/\/www.europesays.com\/fr\/wp-json\/wp\/v2\/posts\/536069\/revisions"}],"wp:featuredmedia":[{"embeddable":true,"href":"https:\/\/www.europesays.com\/fr\/wp-json\/wp\/v2\/media\/536070"}],"wp:attachment":[{"href":"https:\/\/www.europesays.com\/fr\/wp-json\/wp\/v2\/media?parent=536069"}],"wp:term":[{"taxonomy":"category","embeddable":true,"href":"https:\/\/www.europesays.com\/fr\/wp-json\/wp\/v2\/categories?post=536069"},{"taxonomy":"post_tag","embeddable":true,"href":"https:\/\/www.europesays.com\/fr\/wp-json\/wp\/v2\/tags?post=536069"}],"curies":[{"name":"wp","href":"https:\/\/api.w.org\/{rel}","templated":true}]}}