{"id":536075,"date":"2025-11-15T13:46:14","date_gmt":"2025-11-15T13:46:14","guid":{"rendered":"https:\/\/www.europesays.com\/fr\/536075\/"},"modified":"2025-11-15T13:46:14","modified_gmt":"2025-11-15T13:46:14","slug":"a-chaque-periode-de-stress-jai-mal-au-ventre-ce-que-cela-revele-sur-le-lien-entre-esprit-et-digestion","status":"publish","type":"post","link":"https:\/\/www.europesays.com\/fr\/536075\/","title":{"rendered":"\u00ab \u00c0 chaque p\u00e9riode de stress, j\u2019ai mal au ventre \u00bb : ce que cela r\u00e9v\u00e8le sur le lien entre esprit et digestion"},"content":{"rendered":"<p>L&rsquo;automne s&rsquo;invite dans nos assiettes et dans nos quotidiens, avec ses journ\u00e9es courtes, ses changements de rythme, et parfois\u2026 son lot de tracas digestifs. Combien sommes-nous, \u00e0 l&rsquo;approche de l&rsquo;hiver, \u00e0 redouter ces tiraillements, br\u00fblures ou lourdeurs qui nous rappellent que notre ventre est souvent le miroir silencieux de nos \u00e9motions ? En France, rares sont ceux qui n&rsquo;ont jamais fait l&rsquo;exp\u00e9rience d&rsquo;un mal au ventre sans cause \u00e9vidente. Mais si l&rsquo;on arr\u00eatait de culpabiliser notre estomac ? Et si ce malaise r\u00e9v\u00e9lait surtout l&rsquo;incroyable entente \u2013 parfois orageuse \u2013 entre notre esprit et notre digestion ? Parcourons cette relation intime afin de comprendre comment le stress vient chambouler notre ventre, et d\u00e9couvrons ensemble des astuces accessibles pour retrouver un confort digestif, m\u00eame lors des p\u00e9riodes mouvement\u00e9es de l&rsquo;ann\u00e9e.<\/p>\n<p>Quand le stress cogne \u00e0 la porte, c&rsquo;est le ventre qui trinque : pourquoi notre digestion r\u00e9agit-elle ?<br \/>\nLe cerveau et l&rsquo;intestin, partenaires \u00e9troits dans nos \u00e9motions<\/p>\n<p>On \u00e9voque souvent l&rsquo;<strong>intestin deuxi\u00e8me cerveau<\/strong>, et ce n&rsquo;est pas qu&rsquo;une m\u00e9taphore. Notre syst\u00e8me digestif et notre cerveau dialoguent en permanence via des milliers de connexions nerveuses. Ainsi, lors d&rsquo;un pic de stress ou de contrari\u00e9t\u00e9, ce r\u00e9seau d&rsquo;informations peut influencer la motilit\u00e9 digestive. L&rsquo;intestin capte chaque \u00e9motion, chaque tension, et les traduit \u00e0 sa fa\u00e7on : c&rsquo;est l\u00e0 que s&rsquo;expliquent les fameux n\u0153uds \u00e0 l&rsquo;estomac ou ce sentiment d&rsquo;inconfort avant un \u00e9v\u00e9nement important.<\/p>\n<p>Stress : le coup de frein (ou d&rsquo;acc\u00e9l\u00e9rateur) sur la motilit\u00e9 intestinale<\/p>\n<p>Le stress a le chic pour d\u00e9r\u00e9gler notre transit : chez certains, c&rsquo;est le coup d&rsquo;acc\u00e9l\u00e9rateur avec envie pressante et inconfort ; chez d&rsquo;autres, c&rsquo;est tout le contraire, le ventre se fige et tout semble ralenti. \u00c0 l&rsquo;approche de l&rsquo;hiver, quand la routine se fait plus dense, ces signes ressortent davantage. Le corps tente ainsi de <strong>r\u00e9pondre \u00e0 la menace per\u00e7ue<\/strong>, en modifiant le rythme de contraction des intestins. Voil\u00e0 comment, en pleine p\u00e9riode de tension, nos habitudes digestives se chamboulent sans pr\u00e9venir.<\/p>\n<p>Une sensibilit\u00e9 intestinale exacerb\u00e9e, reflet d&rsquo;un \u00e9tat \u00e9motionnel<\/p>\n<p>Parfois, la douleur semble disproportionn\u00e9e par rapport \u00e0 ce que l&rsquo;on a mang\u00e9. C&rsquo;est que le <strong>stress accentue notre sensibilit\u00e9<\/strong> digestive. Des sensations comme les ballonnements ou les br\u00fblures deviennent plus fr\u00e9quentes ou plus intenses. Notre \u00ab\u00a0barom\u00e8tre\u00a0\u00bb int\u00e9rieur est alors \u00e0 fleur de peau \u2013 ou plut\u00f4t de muqueuse : un simple petit stress peut d\u00e9clencher de vives r\u00e9actions du ventre. En cette fin d&rsquo;automne, entre pressions du quotidien et petits coups de blues saisonniers, cette r\u00e9action n&rsquo;a rien d&rsquo;inhabituel.<\/p>\n<p>D\u00e9crypter le mode d&#8217;emploi : comment le stress bouleverse concr\u00e8tement la digestion<br \/>\nLes signaux d&rsquo;alerte que le corps envoie : ballonnements, br\u00fblures et douleurs<\/p>\n<p>Le corps ne manque pas d&rsquo;imagination pour manifester son inconfort. Ballonnements, crampes, br\u00fblures d&rsquo;estomac ou transit d\u00e9r\u00e9gl\u00e9\u2026 La liste est longue, mais ces manifestations ont un point commun : elles pr\u00e9viennent que l&rsquo;\u00e9quilibre digestif est fragilis\u00e9. Il est donc essentiel de <strong>bien \u00e9couter ces signaux<\/strong> pour ajuster son mode de vie avant que le cercle vicieux ne s&rsquo;installe.<\/p>\n<p>Sommeil perturb\u00e9, alimentation d\u00e9raill\u00e9e : la spirale du stress digestif<\/p>\n<p>Stress rime souvent avec <a href=\"https:\/\/journaldesseniors.20minutes.fr\/sport\/ce-que-revele-la-sensation-sous-vos-pieds-au-lever-sur-votre-tonus-et-comment-retrouver-des-matins-plus-legers\/\" target=\"_blank\" rel=\"noopener\">nuit \u00e9court\u00e9e<\/a> et grignotages qui, l&rsquo;air de rien, aggravent l&rsquo;inconfort digestif. Un sommeil de faible qualit\u00e9 perturbe la r\u00e9g\u00e9n\u00e9ration de la paroi intestinale et la r\u00e9gulation hormonale, rendant le syst\u00e8me digestif plus vuln\u00e9rable. De plus, les habitudes alimentaires peuvent changer : envie d&rsquo;aliments riches, manque de fibres, repas saut\u00e9s ou aval\u00e9s trop vite\u2026 R\u00e9sultat : le ventre <strong>\u00ab\u00a0travaille\u00a0\u00bb davantage<\/strong>, souvent dans de mauvaises conditions, ce qui amplifie les troubles.<\/p>\n<p> Les gestes et routines qui font (parfois) empirer la situation<\/p>\n<p>Certains r\u00e9flexes, pens\u00e9s pour aider, peuvent en fait <strong>aggraver les sympt\u00f4mes<\/strong> : marcher trop vite apr\u00e8s un repas copieux, s&rsquo;installer aussit\u00f4t devant un \u00e9cran ou consommer des boissons sucr\u00e9es pour se r\u00e9conforter. Au fil des semaines automnales, avec le retour du froid, la tentation de rester immobile ou de compenser par le sucre peut s&rsquo;ajouter au cocktail, offrant un terreau fertile \u00e0 l&rsquo;inconfort digestif.<\/p>\n<p>Faire la paix avec son ventre : astuces et recommandations pour mieux vivre stress et digestion<br \/>\nLe mot du coach : remettre du calme dans ses habitudes pour le bien du ventre<\/p>\n<p>R\u00e9tablir la s\u00e9r\u00e9nit\u00e9 digestive n\u00e9cessite souvent de <a href=\"https:\/\/journaldesseniors.20minutes.fr\/sport\/7000-pas-par-jour-suffisent-ils-vraiment-a-ameliorer-votre-sante-ce-que-revele-la-plus-grande-analyse-scientifique-sur-la-marche-apres-50-ans\/\" target=\"_blank\" rel=\"noopener\">simplement ralentir<\/a> le rythme. Inutile de tout r\u00e9volutionner : quelques ajustements quotidiens peuvent suffire \u00e0 apaiser le ventre. Pensez \u00e0 instaurer un climat de <strong>calme lors des repas<\/strong>, \u00e0 favoriser un sommeil r\u00e9parateur, et \u00e0 \u00e9viter toute forme de pr\u00e9cipitation, surtout en p\u00e9riode de fortes tensions \u00e9motionnelles.<\/p>\n<p> Techniques et astuces pour apaiser l&rsquo;esprit et le syst\u00e8me digestif<\/p>\n<p>Voici une routine douce \u00e0 int\u00e9grer facilement dans votre quotidien, id\u00e9ale \u00e0 l&rsquo;approche de l&rsquo;hiver :<\/p>\n<tr>\nGeste<br \/>\nDur\u00e9e<br \/>\nEffet attendu<br \/>\n<\/tr>\n<tr>\n<td>Respiration abdominale assise<\/td>\n<td>5 minutes<\/td>\n<td>D\u00e9tend le diaphragme, favorise le rel\u00e2chement intestinal<\/td>\n<\/tr>\n<tr>\n<td>Auto-massage circulaire du ventre<\/td>\n<td>3 minutes<\/td>\n<td>R\u00e9duit les ballonnements, stimule la motilit\u00e9<\/td>\n<\/tr>\n<tr>\n<td>Pause sans \u00e9cran apr\u00e8s le repas<\/td>\n<td>10 minutes<\/td>\n<td>Laisse le syst\u00e8me digestif d\u00e9marrer son travail au calme<\/td>\n<\/tr>\n<tr>\n<td><a href=\"https:\/\/journaldesseniors.20minutes.fr\/sport\/ce-simple-exercice-en-marchant-revele-immediatement-souplesse-equilibre-et-vitalite-au-quotidien\/\" target=\"_blank\" rel=\"noopener\">Petite promenade douce<\/a><\/td>\n<td>15 minutes<\/td>\n<td>Favorise la digestion et r\u00e9duit le stress r\u00e9siduel<\/td>\n<\/tr>\n<p>Pour les adeptes des tisanes r\u00e9confortantes, privil\u00e9giez les infusions \u00e0 base de camomille, fenouil ou verveine \u2013 elles sont pl\u00e9biscit\u00e9es pour leurs <strong>vertus relaxantes et digestives<\/strong>, parfaites pour les soir\u00e9es automnales qui s&rsquo;\u00e9tirent.<\/p>\n<p>Enfin, testez la m\u00e9thode des <strong>repas fractionn\u00e9s<\/strong> lors des journ\u00e9es de stress intense : trois repas l\u00e9gers et deux collations saines \u00e9vitent les lourdeurs et soutiennent une digestion plus douce.<\/p>\n<ul>\n<li>Favoriser les repas pris \u00e0 heure r\u00e9guli\u00e8re<\/li>\n<li>M\u00e2cher lentement chaque bouch\u00e9e<\/li>\n<li>Privil\u00e9gier des aliments cuits, faciles \u00e0 dig\u00e9rer<\/li>\n<li>Limiter boissons gazeuses et tr\u00e8s sucr\u00e9es<\/li>\n<li>\u00c9viter l&rsquo;exc\u00e8s de caf\u00e9 ou de th\u00e9 noir<\/li>\n<\/ul>\n<p> Quand consulter ? Savoir reconna\u00eetre un malaise qui m\u00e9rite attention<\/p>\n<p>Certains signaux doivent \u00e9veiller la vigilance : douleurs intenses et persistantes, fi\u00e8vre, amaigrissement inexpliqu\u00e9, ou apparition soudaine de troubles digestifs apr\u00e8s 50 ans. Dans ces cas, <strong>ne pas h\u00e9siter \u00e0 consulter rapidement<\/strong> un professionnel de sant\u00e9. La majorit\u00e9 des maux de ventre li\u00e9s au stress sont b\u00e9nins, mais il reste important de s&rsquo;assurer qu&rsquo;aucune pathologie organique n&rsquo;est masqu\u00e9e par les \u00e9motions.<\/p>\n<p>En r\u00e9sum\u00e9, l&rsquo;inconfort digestif qui accompagne le stress n&rsquo;est ni une fatalit\u00e9 ni une faiblesse \u2013 il traduit seulement le lien \u00e9troit entre notre esprit et nos entrailles. Le stress perturbe la digestion en modifiant la motilit\u00e9 intestinale, la qualit\u00e9 du sommeil et les habitudes alimentaires, aggravant ballonnements, br\u00fblures ou inconforts. \u00c0 l&rsquo;aube de l&rsquo;hiver, alors m\u00eame que la fatigue et les rendez-vous s&rsquo;accumulent, prendre le temps d&rsquo;<strong>\u00e9couter son corps<\/strong> et d&rsquo;adopter quelques gestes simples permet souvent de retrouver l&rsquo;harmonie. Et si, cette saison, vous d\u00e9cidiez de faire la paix avec votre ventre ?<\/p>\n","protected":false},"excerpt":{"rendered":"L&rsquo;automne s&rsquo;invite dans nos assiettes et dans nos quotidiens, avec ses journ\u00e9es courtes, ses changements de rythme, et&hellip;\n","protected":false},"author":2,"featured_media":536076,"comment_status":"","ping_status":"","sticky":false,"template":"","format":"standard","meta":{"footnotes":""},"categories":[10],"tags":[26340,4988,1011,27,72,56,71],"class_list":{"0":"post-536075","1":"post","2":"type-post","3":"status-publish","4":"format-standard","5":"has-post-thumbnail","7":"category-sante","8":"tag-exercice","9":"tag-forme","10":"tag-fr","11":"tag-france","12":"tag-health","13":"tag-push","14":"tag-sante"},"share_on_mastodon":{"url":"https:\/\/pubeurope.com\/@fr\/115554024565465884","error":""},"_links":{"self":[{"href":"https:\/\/www.europesays.com\/fr\/wp-json\/wp\/v2\/posts\/536075","targetHints":{"allow":["GET"]}}],"collection":[{"href":"https:\/\/www.europesays.com\/fr\/wp-json\/wp\/v2\/posts"}],"about":[{"href":"https:\/\/www.europesays.com\/fr\/wp-json\/wp\/v2\/types\/post"}],"author":[{"embeddable":true,"href":"https:\/\/www.europesays.com\/fr\/wp-json\/wp\/v2\/users\/2"}],"replies":[{"embeddable":true,"href":"https:\/\/www.europesays.com\/fr\/wp-json\/wp\/v2\/comments?post=536075"}],"version-history":[{"count":0,"href":"https:\/\/www.europesays.com\/fr\/wp-json\/wp\/v2\/posts\/536075\/revisions"}],"wp:featuredmedia":[{"embeddable":true,"href":"https:\/\/www.europesays.com\/fr\/wp-json\/wp\/v2\/media\/536076"}],"wp:attachment":[{"href":"https:\/\/www.europesays.com\/fr\/wp-json\/wp\/v2\/media?parent=536075"}],"wp:term":[{"taxonomy":"category","embeddable":true,"href":"https:\/\/www.europesays.com\/fr\/wp-json\/wp\/v2\/categories?post=536075"},{"taxonomy":"post_tag","embeddable":true,"href":"https:\/\/www.europesays.com\/fr\/wp-json\/wp\/v2\/tags?post=536075"}],"curies":[{"name":"wp","href":"https:\/\/api.w.org\/{rel}","templated":true}]}}