{"id":536085,"date":"2025-11-15T13:51:13","date_gmt":"2025-11-15T13:51:13","guid":{"rendered":"https:\/\/www.europesays.com\/fr\/536085\/"},"modified":"2025-11-15T13:51:13","modified_gmt":"2025-11-15T13:51:13","slug":"vous-revez-de-decors-facon-bout-du-monde-cette-destination-rivalise-avec-les-plus-grands-paysages-dailleurs-sans-traverser-la-planete","status":"publish","type":"post","link":"https:\/\/www.europesays.com\/fr\/536085\/","title":{"rendered":"Vous r\u00eavez de d\u00e9cors fa\u00e7on bout du monde ? Cette destination rivalise avec les plus grands paysages d\u2019ailleurs\u2026 sans traverser la plan\u00e8te"},"content":{"rendered":"<p data-start=\"276\" data-end=\"694\">Quand l\u2019envie de panoramas d\u2019un autre monde se fait sentir, l\u2019imagination s\u2019envole souvent vers des contr\u00e9es lointaines. Des vall\u00e9es brumeuses de Nouvelle-Z\u00e9lande aux vastes \u00e9tendues du Canada, le r\u00eave d\u2019\u00e9vasion semble souvent se mesurer \u00e0 la distance. Pourtant, \u00e0 quelques fronti\u00e8res seulement, se cachent des paysages tout aussi saisissants \u2014 accessibles, pr\u00e9serv\u00e9s et capables d\u2019offrir le m\u00eame frisson d\u2019aventure.<\/p>\n<p> S\u2019\u00e9vader sans traverser la plan\u00e8te<\/p>\n<p data-start=\"738\" data-end=\"1153\">Avouons-le : la fascination pour les horizons exotiques garde la peau dure. Le mot \u00ab d\u00e9paysement \u00bb \u00e9voque encore souvent un vol long-courrier ou une jungle \u00e0 l\u2019autre bout du globe. Et si le secret, finalement, \u00e9tait de regarder un peu plus pr\u00e8s ? Les envies de grands espaces, de lacs miroitants et de montagnes sauvages peuvent se satisfaire sans traverser plusieurs fuseaux horaires ni vider son compte carbone.<\/p>\n<p data-start=\"1155\" data-end=\"1482\">Certaines destinations europ\u00e9ennes restent injustement sous-estim\u00e9es. Elles offrent pourtant des paysages d\u2019une diversit\u00e9 incroyable, souvent accessibles en quelques heures de route ou de train. L\u2019aventure, la vraie, n\u2019a pas besoin d\u2019un billet d\u2019avion \u00e0 quatre chiffres : il suffit parfois de changer d\u2019angle\u2026 ou de latitude.<\/p>\n<p>Slov\u00e9nie et vall\u00e9e d\u2019Ossau : deux joyaux \u00e0 port\u00e9e de r\u00eave<\/p>\n<p data-start=\"1549\" data-end=\"1863\">Peu de voyageurs le savent, mais la <strong>Slov\u00e9nie<\/strong> rec\u00e8le des panoramas capables de rivaliser en beaut\u00e9 avec ceux de la Nouvelle-Z\u00e9lande. Ce petit pays vert et montagneux, nich\u00e9 au c\u0153ur de l\u2019Europe, abrite les <strong>Alpes Juliennes<\/strong>, des sommets d\u00e9chiquet\u00e9s qui se refl\u00e8tent dans des lacs d\u2019une puret\u00e9 exceptionnelle.<\/p>\n<p data-start=\"1865\" data-end=\"2239\">Le plus c\u00e9l\u00e8bre, le <strong>lac de Bled<\/strong>, charme par son ch\u00e2teau perch\u00e9 et sa petite \u00e9glise isol\u00e9e sur une \u00eele, tableau parfait d\u2019un conte d\u2019hiver. \u00c0 quelques kilom\u00e8tres de l\u00e0, son voisin, le <strong>lac de Bohinj<\/strong>, impressionne par son calme et sa majest\u00e9 : un miroir de quatre kilom\u00e8tres de long, cern\u00e9 de montagnes et de for\u00eats o\u00f9 la brume d\u2019automne ajoute une touche de myst\u00e8re.<\/p>\n<p data-start=\"2241\" data-end=\"2707\">Dans le <strong>parc national du Triglav<\/strong>, les sentiers serpentent entre torrents cristallins, for\u00eats profondes et villages traditionnels. La Slov\u00e9nie s\u2019est forg\u00e9 une solide r\u00e9putation de <strong>destination durable<\/strong> : pr\u00e8s de 60 % de son territoire est bois\u00e9, et la protection de la nature est \u00e9rig\u00e9e en v\u00e9ritable fiert\u00e9 nationale. De la vall\u00e9e viticole de <strong>Vipava<\/strong> aux grottes du <strong>Karst<\/strong>, chaque recoin respire l\u2019\u00e9quilibre entre beaut\u00e9 sauvage et \u00e9cotourisme ma\u00eetris\u00e9.<\/p>\n<p>Cap sur les Pyr\u00e9n\u00e9es : l\u2019\u00e9pop\u00e9e fran\u00e7aise de la vall\u00e9e d\u2019Ossau<\/p>\n<p data-start=\"2779\" data-end=\"3199\">\u00c0 l\u2019ouest, dans le B\u00e9arn, la <strong>vall\u00e9e d\u2019Ossau<\/strong> offre un tout autre visage de l\u2019aventure : celui d\u2019une montagne habit\u00e9e, fi\u00e8re de ses traditions. Le <strong>Pic du Midi d\u2019Ossau<\/strong>, silhouette embl\u00e9matique culminant \u00e0 2 884 m, domine un paysage de p\u00e2turages, de for\u00eats et de lacs d\u2019altitude. \u00c0 l\u2019automne, la neige commence parfois \u00e0 saupoudrer les cimes \u2014 selon l\u2019humeur du ciel \u2014 et les estives se parent d\u2019un calme apaisant.<\/p>\n<p data-start=\"3201\" data-end=\"3613\">Les randonneurs y trouvent leur bonheur : le <strong>lac de Bious-Artigues<\/strong>, les vallons pastoraux, les gaves argent\u00e9s et les cr\u00eates panoramiques offrent une infinit\u00e9 de sentiers \u00e0 explorer. L\u2019ambiance des refuges, les soir\u00e9es au feu de bois et la gastronomie locale \u2014 garbure fumante, fromage <strong>Ossau-Iraty<\/strong> affin\u00e9 sur place \u2014 ajoutent \u00e0 l\u2019exp\u00e9rience ce suppl\u00e9ment d\u2019\u00e2me qu\u2019aucune carte postale ne saurait rendre.<\/p>\n<p> L\u2019ailleurs \u00e0 port\u00e9e de train<\/p>\n<p data-start=\"3651\" data-end=\"4148\">Ces destinations rappellent qu\u2019il n\u2019est pas n\u00e9cessaire de franchir la plan\u00e8te pour retrouver le go\u00fbt de l\u2019\u00e9vasion. En Slov\u00e9nie, les transports publics facilitent les d\u00e9placements entre <strong>Ljubljana<\/strong>, <strong>Bled<\/strong>, <strong>Bohinj<\/strong> ou la c\u00f4te adriatique ; les paysages d\u00e9filent sans fatigue, et l\u2019impact \u00e9cologique reste minime. Dans les Pyr\u00e9n\u00e9es, rejoindre <strong>Pau<\/strong> en train avant de s\u2019enfoncer dans la vall\u00e9e d\u2019Ossau en voiture ou en navette permet de savourer le relief d\u00e8s les premi\u00e8res heures de route.<\/p>\n<p data-start=\"4150\" data-end=\"4425\">C\u00f4t\u00e9 budget, la saison automnale et le tout d\u00e9but de l\u2019hiver r\u00e9servent de belles opportunit\u00e9s : h\u00e9bergements plus abordables, villages paisibles, accueil chaleureux. Qu\u2019il s\u2019agisse d\u2019une <strong>maison d\u2019h\u00f4tes slov\u00e8ne<\/strong> ou d\u2019un <strong>refuge pyr\u00e9n\u00e9en<\/strong>, le charme op\u00e8re sans artifice.<\/p>\n<p> Cinq exp\u00e9riences pour r\u00eaver grand sans partir loin<\/p>\n<ul data-start=\"4485\" data-end=\"5017\">\n<li data-start=\"4485\" data-end=\"4595\">\n<p data-start=\"4487\" data-end=\"4595\"><strong>Grimper les cr\u00eates du Triglav<\/strong> au lever du jour, quand la lumi\u00e8re dore les sommets des Alpes Juliennes.<\/p>\n<\/li>\n<li data-start=\"4596\" data-end=\"4693\">\n<p data-start=\"4598\" data-end=\"4693\"><strong>Fl\u00e2ner autour du lac de Bohinj<\/strong>, berc\u00e9 par le silence et les reflets des for\u00eats d\u2019automne.<\/p>\n<\/li>\n<li data-start=\"4694\" data-end=\"4797\">\n<p data-start=\"4696\" data-end=\"4797\"><strong>D\u00e9guster les vins de la vall\u00e9e de Vipava<\/strong>, entre collines ensoleill\u00e9es et caves confidentielles.<\/p>\n<\/li>\n<li data-start=\"4798\" data-end=\"4916\">\n<p data-start=\"4800\" data-end=\"4916\"><strong>Plonger (ou juste tremper les pieds)<\/strong> dans les eaux vives d\u2019Ossau, puis partager un plateau de fromage fermier.<\/p>\n<\/li>\n<li data-start=\"4917\" data-end=\"5017\">\n<p data-start=\"4919\" data-end=\"5017\"><strong>D\u00e9couvrir le march\u00e9 de Laruns<\/strong>, haut lieu des produits du terroir et des \u00e9changes conviviaux.<\/p>\n<\/li>\n<\/ul>\n<p> Le bout du monde est parfois \u00e0 deux pas<\/p>\n<p data-start=\"5066\" data-end=\"5356\">Entre les lacs slov\u00e8nes et les montagnes b\u00e9arnaises, une m\u00eame id\u00e9e se dessine : le d\u00e9paysement n\u2019est pas qu\u2019une question de distance. Ces territoires rappellent qu\u2019il suffit d\u2019un col \u00e0 franchir, d\u2019une fronti\u00e8re \u00e0 traverser ou d\u2019un train \u00e0 prendre pour renouer avec le vrai sens du voyage.<\/p>\n<p data-start=\"5358\" data-end=\"5471\">Chercher l\u2019ailleurs dans ce que l\u2019on croyait conna\u00eetre, voil\u00e0 peut-\u00eatre la plus belle d\u00e9finition de l\u2019aventure.<\/p>\n","protected":false},"excerpt":{"rendered":"Quand l\u2019envie de panoramas d\u2019un autre monde se fait sentir, l\u2019imagination s\u2019envole souvent vers des contr\u00e9es lointaines. Des&hellip;\n","protected":false},"author":2,"featured_media":536086,"comment_status":"","ping_status":"","sticky":false,"template":"","format":"standard","meta":{"footnotes":""},"categories":[5],"tags":[11,2612,18304,3727,1011,27,14,12,56,35933,2528,586,28],"class_list":{"0":"post-536085","1":"post","2":"type-post","3":"status-publish","4":"format-standard","5":"has-post-thumbnail","7":"category-international","8":"tag-actualites","9":"tag-conseils","10":"tag-destinations","11":"tag-evasion","12":"tag-fr","13":"tag-france","14":"tag-international","15":"tag-news","16":"tag-push","17":"tag-rs","18":"tag-vacances","19":"tag-voyage","20":"tag-world"},"share_on_mastodon":{"url":"https:\/\/pubeurope.com\/@fr\/115554044123988413","error":""},"_links":{"self":[{"href":"https:\/\/www.europesays.com\/fr\/wp-json\/wp\/v2\/posts\/536085","targetHints":{"allow":["GET"]}}],"collection":[{"href":"https:\/\/www.europesays.com\/fr\/wp-json\/wp\/v2\/posts"}],"about":[{"href":"https:\/\/www.europesays.com\/fr\/wp-json\/wp\/v2\/types\/post"}],"author":[{"embeddable":true,"href":"https:\/\/www.europesays.com\/fr\/wp-json\/wp\/v2\/users\/2"}],"replies":[{"embeddable":true,"href":"https:\/\/www.europesays.com\/fr\/wp-json\/wp\/v2\/comments?post=536085"}],"version-history":[{"count":0,"href":"https:\/\/www.europesays.com\/fr\/wp-json\/wp\/v2\/posts\/536085\/revisions"}],"wp:featuredmedia":[{"embeddable":true,"href":"https:\/\/www.europesays.com\/fr\/wp-json\/wp\/v2\/media\/536086"}],"wp:attachment":[{"href":"https:\/\/www.europesays.com\/fr\/wp-json\/wp\/v2\/media?parent=536085"}],"wp:term":[{"taxonomy":"category","embeddable":true,"href":"https:\/\/www.europesays.com\/fr\/wp-json\/wp\/v2\/categories?post=536085"},{"taxonomy":"post_tag","embeddable":true,"href":"https:\/\/www.europesays.com\/fr\/wp-json\/wp\/v2\/tags?post=536085"}],"curies":[{"name":"wp","href":"https:\/\/api.w.org\/{rel}","templated":true}]}}