{"id":536094,"date":"2025-11-15T13:58:27","date_gmt":"2025-11-15T13:58:27","guid":{"rendered":"https:\/\/www.europesays.com\/fr\/536094\/"},"modified":"2025-11-15T13:58:27","modified_gmt":"2025-11-15T13:58:27","slug":"direct-basket-suivez-le-match-saint-quentin","status":"publish","type":"post","link":"https:\/\/www.europesays.com\/fr\/536094\/","title":{"rendered":"Direct. Basket : Suivez le match Saint-Quentin"},"content":{"rendered":"<p>Un peu plus d&rsquo;un mois apr\u00e8s la lourde d\u00e9faite en Coupe de France (102 \u00e0 72), le SLUC Nancy est de retour sur le parquet de Saint-Quentin, pour le compte de la 8e journ\u00e9e de Betclic Elite (ce samedi, \u00e0 18h).<\/p>\n<p>Mais cette fois, les co\u00e9quipiers d&rsquo;Enzo Goudou-Sinha d\u00e9barquent au palais des sports Pierre Ratte port\u00e9s par une dynamique positive, dans la foul\u00e9e de <a href=\"https:\/\/www.estrepublicain.fr\/sport\/2025\/11\/08\/le-sluc-nancy-a-frappe-un-grand-coup#PlugCommentsList2\" target=\"_blank\" rel=\"noopener\">leur belle victoire face \u00e0 Cholet (91-87)<\/a>.<\/p>\n<p>De son c\u00f4t\u00e9, Saint-Quentin n&rsquo;affiche qu&rsquo;une seule victoire au compteur (1v &#8211; 6d). Une occasion en or pour le SLUC\u00a0?<\/p>\n<p>Ce contenu est bloqu\u00e9 car vous n&rsquo;avez pas accept\u00e9 les cookies et autres traceurs.<\/p>\n<p>En cliquant sur \u00ab J\u2019accepte \u00bb, les cookies et autres traceurs seront d\u00e9pos\u00e9s et vous pourrez visualiser les contenus  (<a href=\"\" class=\"consentModule_policy\" target=\"_blank\" title=\"Consulter la politique de protection des donn\u00e9es du fournisseur\">plus d&rsquo;informations<\/a>).<\/p>\n<p>En cliquant sur \u00ab J\u2019accepte tous les cookies \u00bb, vous autorisez des d\u00e9p\u00f4ts de cookies et autres traceurs pour le stockage de vos donn\u00e9es sur nos sites et applications \u00e0 des fins de personnalisation et de ciblage publicitaire.<\/p>\n<p class=\"consentModule_secondaryText\">Vous gardez la possibilit\u00e9 de retirer votre consentement \u00e0 tout moment en consultant notre <a href=\"https:\/\/www.estrepublicain.fr\/protection-des-donnees\" target=\"_blank\" title=\"Consulter notre politique de protection des donn\u00e9es\" rel=\"noopener\">politique de protection des donn\u00e9es<\/a>. <br \/>&#13;<br \/>\n            <a href=\"https:\/\/www.estrepublicain.fr\/sport\/2025\/11\/15\/javascript:Didomi.notice.show()\" class=\"consentModule_cmp\" target=\"_blank\" rel=\"noopener\">G\u00e9rer mes choix<\/a>&#13;\n        <\/p>\n<p>&#13;<br \/>\n                        J&rsquo;accepte&#13;<br \/>\n            J&rsquo;accepte tous les cookies&#13;\n        <\/p>\n","protected":false},"excerpt":{"rendered":"Un peu plus d&rsquo;un mois apr\u00e8s la lourde d\u00e9faite en Coupe de France (102 \u00e0 72), le SLUC&hellip;\n","protected":false},"author":2,"featured_media":536095,"comment_status":"","ping_status":"","sticky":false,"template":"","format":"standard","meta":{"footnotes":""},"categories":[9635],"tags":[1111,11,1791,3545,1777,674,1701,1795,1011,27,775,3457,1702,12,25,11567,517,1700],"class_list":{"0":"post-536094","1":"post","2":"type-post","3":"status-publish","4":"format-standard","5":"has-post-thumbnail","7":"category-nancy","8":"tag-actu","9":"tag-actualites","10":"tag-basket-ball","11":"tag-direct-sport","12":"tag-eu","13":"tag-europe","14":"tag-fil-info-sport","15":"tag-fil-web","16":"tag-fr","17":"tag-france","18":"tag-grand-est","19":"tag-meurthe-et-moselle","20":"tag-nancy","21":"tag-news","22":"tag-republique-francaise","23":"tag-sluc","24":"tag-sport","25":"tag-sport-lorrain"},"share_on_mastodon":{"url":"https:\/\/pubeurope.com\/@fr\/115554071552127425","error":""},"_links":{"self":[{"href":"https:\/\/www.europesays.com\/fr\/wp-json\/wp\/v2\/posts\/536094","targetHints":{"allow":["GET"]}}],"collection":[{"href":"https:\/\/www.europesays.com\/fr\/wp-json\/wp\/v2\/posts"}],"about":[{"href":"https:\/\/www.europesays.com\/fr\/wp-json\/wp\/v2\/types\/post"}],"author":[{"embeddable":true,"href":"https:\/\/www.europesays.com\/fr\/wp-json\/wp\/v2\/users\/2"}],"replies":[{"embeddable":true,"href":"https:\/\/www.europesays.com\/fr\/wp-json\/wp\/v2\/comments?post=536094"}],"version-history":[{"count":0,"href":"https:\/\/www.europesays.com\/fr\/wp-json\/wp\/v2\/posts\/536094\/revisions"}],"wp:featuredmedia":[{"embeddable":true,"href":"https:\/\/www.europesays.com\/fr\/wp-json\/wp\/v2\/media\/536095"}],"wp:attachment":[{"href":"https:\/\/www.europesays.com\/fr\/wp-json\/wp\/v2\/media?parent=536094"}],"wp:term":[{"taxonomy":"category","embeddable":true,"href":"https:\/\/www.europesays.com\/fr\/wp-json\/wp\/v2\/categories?post=536094"},{"taxonomy":"post_tag","embeddable":true,"href":"https:\/\/www.europesays.com\/fr\/wp-json\/wp\/v2\/tags?post=536094"}],"curies":[{"name":"wp","href":"https:\/\/api.w.org\/{rel}","templated":true}]}}