{"id":536120,"date":"2025-11-15T14:14:16","date_gmt":"2025-11-15T14:14:16","guid":{"rendered":"https:\/\/www.europesays.com\/fr\/536120\/"},"modified":"2025-11-15T14:14:16","modified_gmt":"2025-11-15T14:14:16","slug":"une-collecte-solidaire-de-jouets-pour-noel-au-sud-de-nantes","status":"publish","type":"post","link":"https:\/\/www.europesays.com\/fr\/536120\/","title":{"rendered":"Une collecte solidaire de jouets pour No\u00ebl au sud de Nantes"},"content":{"rendered":"<p>\u00c0 l\u2019approche des f\u00eates, la ville relance la collecte des jouets en faveur des associations de solidarit\u00e9.<\/p>\n<p>Cette op\u00e9ration a deux objectifs\u00a0: d\u2019abord au niveau de l\u2019emprunte \u00e9cologique avec les jouets de seconde vie qui souvent sont entrepos\u00e9s dans un garage. Ensuite au niveau de la solidarit\u00e9 puisque ces jouets sont destin\u00e9s \u00e0 un public d\u00e9favoris\u00e9, cette ann\u00e9e via le secours populaire et la Fabrik pour agir. Les jouets offerts doivent \u00eatre en bon \u00e9tat, propres, neufs ou d\u2019occasion pour toutes tranches d\u2019\u00e2ge.<\/p>\n<p>700\u00a0jouets<\/p>\n<p>L\u2019ann\u00e9e derni\u00e8re 700\u00a0jouets ont \u00e9t\u00e9 r\u00e9colt\u00e9s. Le club de rugby renouvelle son partenariat (100\u00a0jouets r\u00e9colt\u00e9s en 2024).<\/p>\n<p>Pratique<\/p>\n<p>Les jouets peuvent \u00eatre d\u00e9pos\u00e9s du 17\u00a0novembre au 13\u00a0d\u00e9cembre \u00e0 l\u2019h\u00f4tel de ville, \u00e0 la maison de la Petite enfance, ou encore \u00e0 l\u2019occasion du march\u00e9 du centre du 3\u00a0d\u00e9cembre.<\/p>\n<p>\u00a0<\/p>\n","protected":false},"excerpt":{"rendered":"\u00c0 l\u2019approche des f\u00eates, la ville relance la collecte des jouets en faveur des associations de solidarit\u00e9. Cette&hellip;\n","protected":false},"author":2,"featured_media":536121,"comment_status":"","ping_status":"","sticky":false,"template":"","format":"standard","meta":{"footnotes":""},"categories":[2818],"tags":[1111,11,10957,1777,674,1011,27,6647,766,12,15830,2636,25,12280,7053],"class_list":{"0":"post-536120","1":"post","2":"type-post","3":"status-publish","4":"format-standard","5":"has-post-thumbnail","7":"category-nantes","8":"tag-actu","9":"tag-actualites","10":"tag-collecte","11":"tag-eu","12":"tag-europe","13":"tag-fr","14":"tag-france","15":"tag-jouets","16":"tag-nantes","17":"tag-news","18":"tag-noel","19":"tag-pays-de-la-loire","20":"tag-republique-francaise","21":"tag-solidaire","22":"tag-sud"},"share_on_mastodon":{"url":"https:\/\/pubeurope.com\/@fr\/115554134566045830","error":""},"_links":{"self":[{"href":"https:\/\/www.europesays.com\/fr\/wp-json\/wp\/v2\/posts\/536120","targetHints":{"allow":["GET"]}}],"collection":[{"href":"https:\/\/www.europesays.com\/fr\/wp-json\/wp\/v2\/posts"}],"about":[{"href":"https:\/\/www.europesays.com\/fr\/wp-json\/wp\/v2\/types\/post"}],"author":[{"embeddable":true,"href":"https:\/\/www.europesays.com\/fr\/wp-json\/wp\/v2\/users\/2"}],"replies":[{"embeddable":true,"href":"https:\/\/www.europesays.com\/fr\/wp-json\/wp\/v2\/comments?post=536120"}],"version-history":[{"count":0,"href":"https:\/\/www.europesays.com\/fr\/wp-json\/wp\/v2\/posts\/536120\/revisions"}],"wp:featuredmedia":[{"embeddable":true,"href":"https:\/\/www.europesays.com\/fr\/wp-json\/wp\/v2\/media\/536121"}],"wp:attachment":[{"href":"https:\/\/www.europesays.com\/fr\/wp-json\/wp\/v2\/media?parent=536120"}],"wp:term":[{"taxonomy":"category","embeddable":true,"href":"https:\/\/www.europesays.com\/fr\/wp-json\/wp\/v2\/categories?post=536120"},{"taxonomy":"post_tag","embeddable":true,"href":"https:\/\/www.europesays.com\/fr\/wp-json\/wp\/v2\/tags?post=536120"}],"curies":[{"name":"wp","href":"https:\/\/api.w.org\/{rel}","templated":true}]}}