{"id":536133,"date":"2025-11-15T14:22:12","date_gmt":"2025-11-15T14:22:12","guid":{"rendered":"https:\/\/www.europesays.com\/fr\/536133\/"},"modified":"2025-11-15T14:22:12","modified_gmt":"2025-11-15T14:22:12","slug":"une-soiree-pour-financer-les-ivg-hors-delais","status":"publish","type":"post","link":"https:\/\/www.europesays.com\/fr\/536133\/","title":{"rendered":"Une soir\u00e9e pour financer les IVG hors d\u00e9lais"},"content":{"rendered":"\n<p>Pass\u00e9 trois mois et demi de grossesse, les Fran\u00e7aises sont oblig\u00e9es d\u2019avorter \u00e0 l\u2019\u00e9tranger. Des d\u00e9placements qui entra\u00eenent des co\u00fbts de transport et d\u2019h\u00e9bergement que toutes les femmes ne peuvent pas se permettre.<\/p>\n<p>C\u2019est pour aider ces femmes, que le Planning familial 13 organise une journ\u00e9e de soutien pour les avortements hors d\u00e9lais, ce samedi de 16h \u00e0 minuit, \u00e0 la Dar. La journ\u00e9e d\u00e9butera avec la projection d\u2019un documentaire puis de spots de pr\u00e9vention, avant un \u00e9change avec des b\u00e9n\u00e9voles. Un go\u00fbter \u00e0 prix libre et un stand de pr\u00e9vention seront \u00e9galement mis en place. \u00e0 partir de 20h et jusqu\u2019\u00e0 minuit, des DJ sets sont pr\u00e9vus. Tous les revenus de cette journ\u00e9e seront revers\u00e9s \u00e0 la caisse de solidarit\u00e9 IVG du Planning familial 13.<\/p>\n<p>En France, les interruptions volontaires de grossesses sont limit\u00e9es \u00e0 16\u00a0semaines d\u2019am\u00e9norrh\u00e9e, c\u2019est-\u00e0-dire sans r\u00e8gles. Pour les femmes ayant d\u00e9pass\u00e9 ce d\u00e9lai, pour diverses raisons, il faut donc se rendre en Espagne ou aux Pays-Bas, o\u00f9 les d\u00e9lais sont plus longs, respectivement 22 et 24\u00a0semaines. Pour les Marseillaises, l\u2019Espagne est l\u2019option privil\u00e9gi\u00e9e car plus proche, mais les frais peuvent aller de 700 \u00e0 2\u00a0200\u00a0euros.<\/p>\n<p>\u00ab\u00a0Nous recevons au planning beaucoup de femmes qui n\u2019ont pas les moyens de s\u2019offrir cela enti\u00e8rement. Nous les aidons \u00e0 r\u00e9unir cette somme gr\u00e2ce \u00e0 cette caisse de solidarit\u00e9\u00a0\u00bb, explique Laurence Buffet, directrice du Planning familial. Depuis 2025, deux personnes ont d\u00e9j\u00e0 sollicit\u00e9 cette caisse, dans les Bouches-du-Rh\u00f4ne.<\/p>\n","protected":false},"excerpt":{"rendered":"Pass\u00e9 trois mois et demi de grossesse, les Fran\u00e7aises sont oblig\u00e9es d\u2019avorter \u00e0 l\u2019\u00e9tranger. Des d\u00e9placements qui entra\u00eenent&hellip;\n","protected":false},"author":2,"featured_media":536134,"comment_status":"","ping_status":"","sticky":false,"template":"","format":"standard","meta":{"footnotes":""},"categories":[2814],"tags":[1111,11,6042,1777,674,1011,27,884,12,882,25],"class_list":{"0":"post-536133","1":"post","2":"type-post","3":"status-publish","4":"format-standard","5":"has-post-thumbnail","7":"category-marseille","8":"tag-actu","9":"tag-actualites","10":"tag-directrice","11":"tag-eu","12":"tag-europe","13":"tag-fr","14":"tag-france","15":"tag-marseille","16":"tag-news","17":"tag-provence-alpes-cote-dazur","18":"tag-republique-francaise"},"share_on_mastodon":{"url":"https:\/\/pubeurope.com\/@fr\/115554166017127210","error":""},"_links":{"self":[{"href":"https:\/\/www.europesays.com\/fr\/wp-json\/wp\/v2\/posts\/536133","targetHints":{"allow":["GET"]}}],"collection":[{"href":"https:\/\/www.europesays.com\/fr\/wp-json\/wp\/v2\/posts"}],"about":[{"href":"https:\/\/www.europesays.com\/fr\/wp-json\/wp\/v2\/types\/post"}],"author":[{"embeddable":true,"href":"https:\/\/www.europesays.com\/fr\/wp-json\/wp\/v2\/users\/2"}],"replies":[{"embeddable":true,"href":"https:\/\/www.europesays.com\/fr\/wp-json\/wp\/v2\/comments?post=536133"}],"version-history":[{"count":0,"href":"https:\/\/www.europesays.com\/fr\/wp-json\/wp\/v2\/posts\/536133\/revisions"}],"wp:featuredmedia":[{"embeddable":true,"href":"https:\/\/www.europesays.com\/fr\/wp-json\/wp\/v2\/media\/536134"}],"wp:attachment":[{"href":"https:\/\/www.europesays.com\/fr\/wp-json\/wp\/v2\/media?parent=536133"}],"wp:term":[{"taxonomy":"category","embeddable":true,"href":"https:\/\/www.europesays.com\/fr\/wp-json\/wp\/v2\/categories?post=536133"},{"taxonomy":"post_tag","embeddable":true,"href":"https:\/\/www.europesays.com\/fr\/wp-json\/wp\/v2\/tags?post=536133"}],"curies":[{"name":"wp","href":"https:\/\/api.w.org\/{rel}","templated":true}]}}