{"id":536137,"date":"2025-11-15T14:24:13","date_gmt":"2025-11-15T14:24:13","guid":{"rendered":"https:\/\/www.europesays.com\/fr\/536137\/"},"modified":"2025-11-15T14:24:13","modified_gmt":"2025-11-15T14:24:13","slug":"metropole-de-lyon-un-bureau-de-tabac-braque-par-deux-individus-cagoules-une-interpellation","status":"publish","type":"post","link":"https:\/\/www.europesays.com\/fr\/536137\/","title":{"rendered":"M\u00e9tropole de Lyon. Un bureau de tabac braqu\u00e9 par deux individus cagoul\u00e9s\u00a0: une interpellation"},"content":{"rendered":"<p>Il \u00e9tait t\u00f4t ce samedi 15\u00a0novembre, aux alentours de 7h40, quand deux individus cagoul\u00e9s et gant\u00e9s, dont l\u2019un porteur d\u2019une arme, ont fait irruption dans le bureau de tabac situ\u00e9 68 avenue Viviani \u00e0 V\u00e9nissieux.<\/p>\n<p>Ce contenu est bloqu\u00e9 car vous n&rsquo;avez pas accept\u00e9 les cookies et autres traceurs.<\/p>\n<p>En cliquant sur \u00ab J\u2019accepte \u00bb, les cookies et autres traceurs seront d\u00e9pos\u00e9s et vous pourrez visualiser les contenus  (<a href=\"\" class=\"consentModule_policy\" target=\"_blank\" title=\"Consulter la politique de protection des donn\u00e9es du fournisseur\">plus d&rsquo;informations<\/a>).<\/p>\n<p>En cliquant sur \u00ab J\u2019accepte tous les cookies \u00bb, vous autorisez des d\u00e9p\u00f4ts de cookies et autres traceurs pour le stockage de vos donn\u00e9es sur nos sites et applications \u00e0 des fins de personnalisation et de ciblage publicitaire.<\/p>\n<p class=\"consentModule_secondaryText\">Vous gardez la possibilit\u00e9 de retirer votre consentement \u00e0 tout moment en consultant notre <a href=\"https:\/\/www.leprogres.fr\/protection-des-donnees\" target=\"_blank\" title=\"Consulter notre politique de protection des donn\u00e9es\" rel=\"noopener\">politique de protection des donn\u00e9es<\/a>. <br \/>&#13;<br \/>\n            <a href=\"https:\/\/www.leprogres.fr\/faits-divers-justice\/2025\/11\/15\/javascript:Didomi.notice.show()\" class=\"consentModule_cmp\" target=\"_blank\" rel=\"noopener\">G\u00e9rer mes choix<\/a>&#13;\n        <\/p>\n<p>&#13;<br \/>\n                        J&rsquo;accepte&#13;<br \/>\n            J&rsquo;accepte tous les cookies&#13;\n        <\/p>\n<p>Sous la menace de l\u2019arme, ils se faisaient remettre le contenu d\u2019une caisse, ainsi que plusieurs cartouches de cigarettes. Selon nos informations, ils tentaient m\u00eame d\u2019ouvrir un coffre-fort, en vain, avant de prendre rapidement la fuite \u00e0 trottinette. On ne conna\u00eet pas, pour l\u2019heure, le pr\u00e9judice total de ce vol.<\/p>\n<p>  Rep\u00e9r\u00e9s par la BAC<\/p>\n<p>Toutefois, lors de leur fuite, les deux hommes \u00e9taient rep\u00e9r\u00e9s rapidement par un \u00e9quipage de la BAC (brigade anti-criminalit\u00e9), qui est parvenu \u00e0 interpeller le passager de la trottinette. Le deuxi\u00e8me individu est toujours activement recherch\u00e9.<\/p>\n","protected":false},"excerpt":{"rendered":"Il \u00e9tait t\u00f4t ce samedi 15\u00a0novembre, aux alentours de 7h40, quand deux individus cagoul\u00e9s et gant\u00e9s, dont l\u2019un&hellip;\n","protected":false},"author":2,"featured_media":536138,"comment_status":"","ping_status":"","sticky":false,"template":"","format":"standard","meta":{"footnotes":""},"categories":[1889],"tags":[1111,11,2430,271,272,3152,1777,674,274,107,1011,27,2428,12,25,2429,4375,4407],"class_list":{"0":"post-536137","1":"post","2":"type-post","3":"status-publish","4":"format-standard","5":"has-post-thumbnail","7":"category-lyon","8":"tag-actu","9":"tag-actualites","10":"tag-auvergne-rhone-alpes","11":"tag-crime","12":"tag-delit-et-contravention","13":"tag-edition-est-lyonnais","14":"tag-eu","15":"tag-europe","16":"tag-faits-divers-justice","17":"tag-fil-info","18":"tag-fr","19":"tag-france","20":"tag-lyon","21":"tag-news","22":"tag-republique-francaise","23":"tag-rhone","24":"tag-venissieux","25":"tag-venissieux-bassin"},"share_on_mastodon":{"url":"https:\/\/pubeurope.com\/@fr\/115554173942167533","error":""},"_links":{"self":[{"href":"https:\/\/www.europesays.com\/fr\/wp-json\/wp\/v2\/posts\/536137","targetHints":{"allow":["GET"]}}],"collection":[{"href":"https:\/\/www.europesays.com\/fr\/wp-json\/wp\/v2\/posts"}],"about":[{"href":"https:\/\/www.europesays.com\/fr\/wp-json\/wp\/v2\/types\/post"}],"author":[{"embeddable":true,"href":"https:\/\/www.europesays.com\/fr\/wp-json\/wp\/v2\/users\/2"}],"replies":[{"embeddable":true,"href":"https:\/\/www.europesays.com\/fr\/wp-json\/wp\/v2\/comments?post=536137"}],"version-history":[{"count":0,"href":"https:\/\/www.europesays.com\/fr\/wp-json\/wp\/v2\/posts\/536137\/revisions"}],"wp:featuredmedia":[{"embeddable":true,"href":"https:\/\/www.europesays.com\/fr\/wp-json\/wp\/v2\/media\/536138"}],"wp:attachment":[{"href":"https:\/\/www.europesays.com\/fr\/wp-json\/wp\/v2\/media?parent=536137"}],"wp:term":[{"taxonomy":"category","embeddable":true,"href":"https:\/\/www.europesays.com\/fr\/wp-json\/wp\/v2\/categories?post=536137"},{"taxonomy":"post_tag","embeddable":true,"href":"https:\/\/www.europesays.com\/fr\/wp-json\/wp\/v2\/tags?post=536137"}],"curies":[{"name":"wp","href":"https:\/\/api.w.org\/{rel}","templated":true}]}}