{"id":53614,"date":"2025-04-26T05:34:08","date_gmt":"2025-04-26T05:34:08","guid":{"rendered":"https:\/\/www.europesays.com\/fr\/53614\/"},"modified":"2025-04-26T05:34:08","modified_gmt":"2025-04-26T05:34:08","slug":"le-real-madrid-enchaine-les-coups-de-pression-et-les-boycotts-avant-la-finale-de-la-coupe-du-roi-coupe-du-roi-finale-barca-real-madrid","status":"publish","type":"post","link":"https:\/\/www.europesays.com\/fr\/53614\/","title":{"rendered":"Le Real Madrid encha\u00eene les coups de pression et les boycotts avant la finale de la Coupe du Roi &#8211; Coupe du Roi &#8211; Finale &#8211; Bar\u00e7a-Real Madrid"},"content":{"rendered":"<p>Le plus petit club du monde.<\/p>\n<p>La tension est maximale \u00e0 la veille de la finale de la Coupe du Roi entre le FC Barcelone et le Real Madrid. Le club merengue\u00a0n\u2019a pas du tout appr\u00e9ci\u00e9<a target=\"_blank\" href=\"https:\/\/www.sofoot.com\/breves\/larbitre-du-Cl%C3%A1sico-en-larmes-face-a-la-presse-a-la-veille-de-la-finale-de-coupe-du-roi-entre-le-real-madrid-et-le-barca\" rel=\"nofollow noopener\"> les confidences (qu\u2019il faut pourtant entendre) de l\u2019arbitre de la rencontre<\/a> pr\u00e9vue samedi soir apr\u00e8s les premi\u00e8res pressions effectu\u00e9es par la cha\u00eene t\u00e9l\u00e9 du club.<\/p>\n<p>En r\u00e9ponse,<strong> le Real Madrid a d\u00e9cid\u00e9\u2026 de boycotter tous les \u00e9v\u00e8nements en marge du Cl\u00e1sico.<\/strong> Carlo Ancelotti et Luka Modri\u0107 ne sont pas venus en conf\u00e9rence de presse ce vendredi \u00e0 S\u00e9ville, avant que <strong>l\u2019\u00e9quipe madril\u00e8ne ne s\u00e8che l\u2019entra\u00eenement du soir et les photos officielles<\/strong>, apr\u00e8s en avoir inform\u00e9 la F\u00e9d\u00e9ration espagnole de foot.<\/p>\n<p>Le Real Madrid r\u00e9fl\u00e9chirait \u00e0 ne pas jouer la finale<\/p>\n<p>Quoi d\u2019autre ? <strong>Un communiqu\u00e9 balanc\u00e9 sur les r\u00e9seaux sociaux, dans lequel le Real Madrid<\/strong> parle \u00ab\u00a0d\u2019inacceptables les d\u00e9clarations publiques faites aujourd\u2019hui par les arbitres d\u00e9sign\u00e9s pour la finale de la Coupe du Roi\u00a0\u00bb, tout en demandant assez clairement un changement d\u2019arbitre :\u00a0\u00ab\u00a0Nous esp\u00e9rons que les responsables de la RFEF et du corps arbitral agiront en cons\u00e9quence, en adoptant les mesures n\u00e9cessaires pour d\u00e9fendre le prestige des institutions qu\u2019ils repr\u00e9sentent.\u00a0\u00bb<\/p>\n<p>Le Real Madrid avait de toute fa\u00e7on d\u00e9j\u00e0 r\u00e9clam\u00e9 un changement d\u2019arbitre, ne souhaitant pas voir Ricardo de Burgos Bengoetxea au sifflet apr\u00e8s des suppos\u00e9es erreurs lors du match contre le Bar\u00e7a en octobre, quand il \u00e9tait alors dans le camion VAR, et d\u00e9nigrant son manque d\u2019exp\u00e9rience.<strong> La Cadena SER affirmait que la RFEF souhaitait se montrer inflexible, m\u00eame si le Real Madrid r\u00e9fl\u00e9chirait carr\u00e9ment \u00e0 ne pas se pr\u00e9senter sur le terrain samedi soir.\u00a0<\/strong><\/p>\n<p class=\"Paragraph__content\" data-v-e14a34bc=\"\">C\u2019est peut-\u00eatre la meilleure solution pour ne pas voir les Madril\u00e8nes produire une nouvelle bouillie de football.<\/p>\n<p>\t\t\t\t\t\t\t\t\t\t<a class=\"lien-connexe\" href=\"https:\/\/www.sofoot.com\/articles\/en-espagne-le-clasico-real-madrid-fc-barcelone-en-finale-de-la-coupe-du-roi-devient-le-symbole-des-polemiques-autour-de-larbitrage\" rel=\"nofollow noopener\" target=\"_blank\">Le Real Madrid, le plus petit club du monde<\/a>\t\t\t\t\t<\/p>\n","protected":false},"excerpt":{"rendered":"Le plus petit club du monde. La tension est maximale \u00e0 la veille de la finale de la&hellip;\n","protected":false},"author":2,"featured_media":53615,"comment_status":"","ping_status":"","sticky":false,"template":"","format":"standard","meta":{"footnotes":""},"categories":[2],"tags":[47,11,61,69,65,64,63,1011,27,68,66,12,62,70,25,67],"class_list":{"0":"post-53614","1":"post","2":"type-post","3":"status-publish","4":"format-standard","5":"has-post-thumbnail","7":"category-actualites","8":"tag-actualite","9":"tag-actualites","10":"tag-actus-football","11":"tag-bundesliga","12":"tag-championnats-europeens","13":"tag-equipe-de-france","14":"tag-football","15":"tag-fr","16":"tag-france","17":"tag-ligua","18":"tag-ligue-1","19":"tag-news","20":"tag-news-foot","21":"tag-premier-league","22":"tag-republique-francaise","23":"tag-serie-a"},"share_on_mastodon":{"url":"https:\/\/pubeurope.com\/@fr\/114402640791998571","error":""},"_links":{"self":[{"href":"https:\/\/www.europesays.com\/fr\/wp-json\/wp\/v2\/posts\/53614","targetHints":{"allow":["GET"]}}],"collection":[{"href":"https:\/\/www.europesays.com\/fr\/wp-json\/wp\/v2\/posts"}],"about":[{"href":"https:\/\/www.europesays.com\/fr\/wp-json\/wp\/v2\/types\/post"}],"author":[{"embeddable":true,"href":"https:\/\/www.europesays.com\/fr\/wp-json\/wp\/v2\/users\/2"}],"replies":[{"embeddable":true,"href":"https:\/\/www.europesays.com\/fr\/wp-json\/wp\/v2\/comments?post=53614"}],"version-history":[{"count":0,"href":"https:\/\/www.europesays.com\/fr\/wp-json\/wp\/v2\/posts\/53614\/revisions"}],"wp:featuredmedia":[{"embeddable":true,"href":"https:\/\/www.europesays.com\/fr\/wp-json\/wp\/v2\/media\/53615"}],"wp:attachment":[{"href":"https:\/\/www.europesays.com\/fr\/wp-json\/wp\/v2\/media?parent=53614"}],"wp:term":[{"taxonomy":"category","embeddable":true,"href":"https:\/\/www.europesays.com\/fr\/wp-json\/wp\/v2\/categories?post=53614"},{"taxonomy":"post_tag","embeddable":true,"href":"https:\/\/www.europesays.com\/fr\/wp-json\/wp\/v2\/tags?post=53614"}],"curies":[{"name":"wp","href":"https:\/\/api.w.org\/{rel}","templated":true}]}}