{"id":536143,"date":"2025-11-15T14:28:29","date_gmt":"2025-11-15T14:28:29","guid":{"rendered":"https:\/\/www.europesays.com\/fr\/536143\/"},"modified":"2025-11-15T14:28:29","modified_gmt":"2025-11-15T14:28:29","slug":"paris-une-boutique-chanel-visee-par-une-tentative-de-braquage-a-main-armee-les-suspects-actuellement-en-fuite","status":"publish","type":"post","link":"https:\/\/www.europesays.com\/fr\/536143\/","title":{"rendered":"Paris : une boutique Chanel vis\u00e9e par une tentative de braquage \u00e0 main arm\u00e9e, les suspects actuellement en fuite"},"content":{"rendered":"<p>Une \u00ab\u00a0tentative de vol \u00e0 main arm\u00e9e\u00a0\u00bb a \u00e9t\u00e9 commise par quatre individus ce samedi 15 novembre 2025 dans <a href=\"https:\/\/www.femmeactuelle.fr\/actu\/news-actu\/un-voleur-fait-un-malaise-et-decede-en-plein-cambriolage-dans-une-boutique-de-rachat-d-or-a-pontoise-2198029\" target=\"_blank\" rel=\"noopener\">une boutique<\/a> Chanel situ\u00e9e au 42, avenue Montaigne dans le 8\u1d49 arrondissement de Paris. Les faits se sont d\u00e9roul\u00e9s en plein jour, aux environs de midi. D\u2019apr\u00e8s une source polici\u00e8re cit\u00e9e par nos confr\u00e8res de TF1-LCI, les assaillants \u00e9taient munis \u00ab\u00a0d\u2019au moins une arme de poing \u2013 dont on ignore  \u00e0 ce stade si elle \u00e9tait r\u00e9elle ou factice\u00a0\u00bb et portaient \u00ab\u00a0un brassard police\u00a0\u00bb, comme l\u2019indique Le Parisien.<\/p>\n<p><strong>Ils ont tent\u00e9 de forcer l\u2019entr\u00e9e du magasin situ\u00e9 \u00e0 deux pas de l&rsquo;avenue des Champs-\u00c9lys\u00e9es, en utilisant leurs scooters TMax comme v\u00e9hicules-b\u00e9liers.<\/strong> Mais le vigile est parvenu \u00e0 abaisser la grille de s\u00e9curit\u00e9 \u00e0 temps, poussant les malfaiteurs \u00e0 renoncer et \u00e0 <a href=\"https:\/\/www.femmeactuelle.fr\/actu\/news-actu\/dans-un-musee-italien-un-couple-de-touristes-cause-de-graves-degats-sur-une-oeuvre-dart-avant-de-prendre-la-fuite-2194489\" target=\"_blank\" rel=\"noopener\">prendre la fuite<\/a> sans rien voler. Dans un communiqu\u00e9 de presse, Chanel pr\u00e9cise que \u00ab\u00a0son agent de s\u00e9curit\u00e9 a \u00e9t\u00e9 bless\u00e9 et est actuellement pris en charge par les secours\u00a0\u00bb et annonce la mise en place d\u2019une cellule d\u2019accompagnement pour les collaborateurs pr\u00e9sents.<\/p>\n<p>Aucun pr\u00e9judice mat\u00e9riel n&rsquo;est \u00e0 d\u00e9plorer<\/p>\n<p>Une enqu\u00eate de police a tr\u00e8s rapidement \u00e9t\u00e9 ouverte et un p\u00e9rim\u00e8tre de s\u00e9curit\u00e9 a \u00e9t\u00e9 mis en place pour proc\u00e9der aux relev\u00e9s et constatations. <strong>De son c\u00f4t\u00e9, la marque de luxe a tenu \u00e0 saluer dans son communiqu\u00e9 <\/strong><strong>\u00ab\u00a0la rapidit\u00e9 des \u00e9quipes de s\u00e9curit\u00e9 et des forces de l&rsquo;ordre qui ont permis de mettre en fuite <\/strong><a href=\"https:\/\/www.femmeactuelle.fr\/actu\/news-actu\/cambriolage-du-louvre-le-profil-etonnant-de-doudou-cross-bitume-un-des-principaux-suspects-star-des-reseaux-sociaux-2200678\" target=\"_blank\" rel=\"noopener\"><strong>les assaillants<\/strong><\/a><strong> sans qu&rsquo;aucun pr\u00e9judice mat\u00e9riel ne soit \u00e0 d\u00e9plorer\u00a0\u00bb.<\/strong> Chanel a \u00e9galement inform\u00e9 que la boutique parisienne prise pour cible resterait \u00ab\u00a0ferm\u00e9e jusqu&rsquo;\u00e0 nouvel ordre\u00a0\u00bb. La Brigade de r\u00e9pression du banditisme (BRB) est charg\u00e9e des investigations.<\/p>\n<p>Cette tentative de braquage n&rsquo;est pas sans rappeler l\u2019attaque survenue dans la nuit du 1\u1d49\u02b3 au 2 octobre 2025, lorsque la boutique Chanel de la rue Royale, \u00e9galement dans le 8\u1d49 arrondissement de Paris, avait \u00e9t\u00e9 la cible d\u2019un casse \u00e0 la voiture-b\u00e9lier. <strong>\u00c0 4h40, une voiture rouge avait percut\u00e9 la devanture <\/strong><a href=\"https:\/\/www.femmeactuelle.fr\/actu\/news-actu\/800-kg-de-nourriture-jetes-plusieurs-rayons-fermes-ce-magasin-aldi-d-argenteuil-lourdement-sanctionne-pour-non-respect-des-regles-dhygiene-2200728\" target=\"_blank\" rel=\"noopener\"><strong>du magasin. <\/strong><\/a><strong>Les malfaiteurs \u00e9taient parvenus \u00e0 d\u00e9rober pour 575 000 euros de maroquinerie de luxe avant de prendre la fuite.<\/strong> Une semaine plus tard, deux hommes avaient \u00e9t\u00e9 interpell\u00e9s et mis en cause pour ces faits. Les deux interpell\u00e9s, n\u00e9s en avril 1993 et avril 1998, avaient \u00e9t\u00e9 mis en examen pour \u00ab\u00a0vol en bande organis\u00e9e\u00a0\u00bb, \u00ab\u00a0participation \u00e0 une association de malfaiteurs en vue de la pr\u00e9paration d&rsquo;un crime aggrav\u00e9 par la commission en bande organis\u00e9e\u00a0\u00bb et \u00ab\u00a0vols en r\u00e9union d&rsquo;une voiture et de plaques factices commis les 30 septembre et 2 octobre\u00a0\u00bb, avait pr\u00e9cis\u00e9 le parquet de Paris.<\/p>\n<p>Sources :<\/p>\n<ul>\n<li><a href=\"https:\/\/www.tf1info.fr\/justice-faits-divers\/paris-tentative-de-vol-a-main-armee-chez-chanel-avenue-montaigne-un-blesse-les-auteurs-activement-recherches-2406886.html\" rel=\"nofollow noopener\" target=\"_blank\">TF1 Info <\/a>&#8211; 15\/11\/2025 : Paris : tentative de vol \u00e0 main arm\u00e9e chez Chanel, un bless\u00e9, les auteurs recherch\u00e9s<\/li>\n<li><a href=\"https:\/\/www.leparisien.fr\/faits-divers\/paris-des-braqueurs-sattaquent-a-la-boutique-chanel-avenue-montaigne-15-11-2025-S6RFKPITC5BXLDFOZI7A2I66BM.php\" rel=\"nofollow noopener\" target=\"_blank\">Le Parisien<\/a> &#8211; 15\/11\/2025 : Paris\u00a0: des braqueurs s\u2019attaquent \u00e0 la boutique Chanel avenue Montaigne<\/li>\n<\/ul>\n","protected":false},"excerpt":{"rendered":"Une \u00ab\u00a0tentative de vol \u00e0 main arm\u00e9e\u00a0\u00bb a \u00e9t\u00e9 commise par quatre individus ce samedi 15 novembre 2025&hellip;\n","protected":false},"author":2,"featured_media":536144,"comment_status":"","ping_status":"","sticky":false,"template":"","format":"standard","meta":{"footnotes":""},"categories":[1888],"tags":[1111,1928,11,1927,6941,1890,11247,1777,674,118,1011,27,12,1926,626,1925,25,1175],"class_list":{"0":"post-536143","1":"post","2":"type-post","3":"status-publish","4":"format-standard","5":"has-post-thumbnail","7":"category-paris","8":"tag-actu","9":"tag-actu-paris","10":"tag-actualites","11":"tag-actualites-paris","12":"tag-braquage","13":"tag-chanel","14":"tag-enquu00eate","15":"tag-eu","16":"tag-europe","17":"tag-faits-divers","18":"tag-fr","19":"tag-france","20":"tag-news","21":"tag-news-paris","22":"tag-paris","23":"tag-paris-news","24":"tag-republique-francaise","25":"tag-vol"},"share_on_mastodon":{"url":"https:\/\/pubeurope.com\/@fr\/115554189611024421","error":""},"_links":{"self":[{"href":"https:\/\/www.europesays.com\/fr\/wp-json\/wp\/v2\/posts\/536143","targetHints":{"allow":["GET"]}}],"collection":[{"href":"https:\/\/www.europesays.com\/fr\/wp-json\/wp\/v2\/posts"}],"about":[{"href":"https:\/\/www.europesays.com\/fr\/wp-json\/wp\/v2\/types\/post"}],"author":[{"embeddable":true,"href":"https:\/\/www.europesays.com\/fr\/wp-json\/wp\/v2\/users\/2"}],"replies":[{"embeddable":true,"href":"https:\/\/www.europesays.com\/fr\/wp-json\/wp\/v2\/comments?post=536143"}],"version-history":[{"count":0,"href":"https:\/\/www.europesays.com\/fr\/wp-json\/wp\/v2\/posts\/536143\/revisions"}],"wp:featuredmedia":[{"embeddable":true,"href":"https:\/\/www.europesays.com\/fr\/wp-json\/wp\/v2\/media\/536144"}],"wp:attachment":[{"href":"https:\/\/www.europesays.com\/fr\/wp-json\/wp\/v2\/media?parent=536143"}],"wp:term":[{"taxonomy":"category","embeddable":true,"href":"https:\/\/www.europesays.com\/fr\/wp-json\/wp\/v2\/categories?post=536143"},{"taxonomy":"post_tag","embeddable":true,"href":"https:\/\/www.europesays.com\/fr\/wp-json\/wp\/v2\/tags?post=536143"}],"curies":[{"name":"wp","href":"https:\/\/api.w.org\/{rel}","templated":true}]}}