{"id":536157,"date":"2025-11-15T14:35:12","date_gmt":"2025-11-15T14:35:12","guid":{"rendered":"https:\/\/www.europesays.com\/fr\/536157\/"},"modified":"2025-11-15T14:35:12","modified_gmt":"2025-11-15T14:35:12","slug":"rues-inondees-4x4-englouti-par-les-eaux-la-tempete-claudia-frappe-le-royaume-uni","status":"publish","type":"post","link":"https:\/\/www.europesays.com\/fr\/536157\/","title":{"rendered":"Rues inond\u00e9es, 4&#215;4 englouti par les eaux&#8230; La temp\u00eate Claudia frappe le Royaume-Uni"},"content":{"rendered":"<p>\n    Plusieurs villes britanniques ont \u00e9t\u00e9 touch\u00e9es par des inondations caus\u00e9es par la temp\u00eate Claudia vendredi 14 novembre.<\/p>\n<p class=\"fig-paragraph\">La\u00a0<a href=\"http:\/\/sante.lefigaro.fr\/social\/sante-publique\/faut-il-s-inquieter-du-sable-radioactif-du-sahara-apporte-en-france-par-la-tempete-claudia-20251114\" data-fig-type=\"Article\" data-gtm-custom-categorie=\"navigation\" data-gtm-custom-action=\"crossclick\" data-gtm-custom-label=\"Contextuel\" data-gtm-event=\"customEventSPE\" data-fig-domain=\"SANTE\" rel=\"nofollow noopener\" target=\"_blank\">temp\u00eate Claudia<\/a>\u00a0a provoqu\u00e9 des pluies abondantes et persistantes sur l\u2019Angleterre et le Pays de Galles jeudi et vendredi. Des images relay\u00e9es par l\u2019Associated Press montrent un 4&#215;4 englouti par les eaux \u00e0 Birmingham, dans le centre de l\u2019Angleterre. Son conducteur a \u00e9t\u00e9 contraint d\u2019abandonner le v\u00e9hicule apr\u00e8s avoir tent\u00e9 de traverser un gu\u00e9 inond\u00e9 sur la rivi\u00e8re Cole \u00e0 Hall Green. Les vitres bris\u00e9es sugg\u00e8rent que les occupants n\u2019ont pas pu ouvrir les portes en raison du torrent d\u2019eau.<\/p>\n<p class=\"fig-paragraph\">Pr\u00e8s de Cardiff, au Pays de Galles, le propri\u00e9taire d\u2019un restaurant dans la ville c\u00f4ti\u00e8re de Penarth, a film\u00e9 la rue inond\u00e9e devant son \u00e9tablissement en bord de mer \u00e0 cause de fortes pluies. Quatre alertes d\u2019inondation grave ont \u00e9t\u00e9 \u00e9mises par Natural Resources Wales \u00e0 6h du matin ce samedi, a rapport\u00e9\u00a0<a href=\"https:\/\/www.theguardian.com\/uk-news\/2025\/nov\/15\/maybe-storm-claudia-england-weather-major-incident-flooding\" target=\"_blank\" rel=\"sponsored noopener nofollow\" data-gtm-custom-categorie=\"navigation\" data-gtm-custom-action=\"crossclick\" data-gtm-custom-label=\"Contextuel\" data-gtm-event=\"customEventSPE\">The Guardian<\/a>.<\/p>\n<p>                                    <a class=\"fig-a11y-skip a11y-hidden\" href=\"#fig-a11y-skip-main-inarticle\"><br \/>\n        Passer la publicit\u00e9<br \/>\n    <\/a><\/p>\n<p>Vague de froid<\/p>\n<p class=\"fig-paragraph\">Le Met Office,\u00a0<a href=\"https:\/\/www.metoffice.gov.uk\/about-us\/news-and-media\/media-centre\/weather-and-climate-news\/2025\/storm-claudia-brings-intense-rain-to-england-and-wales\" target=\"_blank\" rel=\"sponsored noopener nofollow\" data-gtm-custom-categorie=\"navigation\" data-gtm-custom-action=\"crossclick\" data-gtm-custom-label=\"Contextuel\" data-gtm-event=\"customEventSPE\">service m\u00e9t\u00e9orologique national britannique<\/a>, a enregistr\u00e9 des pr\u00e9cipitations de 119,6 mm entre 18h jeudi et samedi matin \u00e0 la station pluviom\u00e9trique de Natural Resources Wales \u00e0 Tafalog, dans le Gwent.<\/p>\n<p class=\"fig-paragraph\">Le dernier bulletin du Met Office indique que les pluies se sont d\u00e9sormais att\u00e9nu\u00e9es, tandis que l\u2019anticyclone commence \u00e0 s\u2019imposer depuis le nord, apportant avec lui de l\u2019air plus froid qui devrait se propager sur l\u2019ensemble du pays d\u2019ici la fin du week-end.<\/p>\n","protected":false},"excerpt":{"rendered":"Plusieurs villes britanniques ont \u00e9t\u00e9 touch\u00e9es par des inondations caus\u00e9es par la temp\u00eate Claudia vendredi 14 novembre. La\u00a0temp\u00eate&hellip;\n","protected":false},"author":2,"featured_media":536158,"comment_status":"","ping_status":"","sticky":false,"template":"","format":"standard","meta":{"footnotes":""},"categories":[1588],"tags":[11,1777,674,2487,12,473,1853,1851,1850,1852],"class_list":{"0":"post-536157","1":"post","2":"type-post","3":"status-publish","4":"format-standard","5":"has-post-thumbnail","7":"category-royaume-uni","8":"tag-actualites","9":"tag-eu","10":"tag-europe","11":"tag-meteo","12":"tag-news","13":"tag-royaume-uni","14":"tag-royaume-uni-de-grande-bretagne-et-dirlande-du-nord","15":"tag-uk","16":"tag-united-kingdom","17":"tag-united-kingdom-of-great-britain-and-northern-ireland"},"share_on_mastodon":{"url":"https:\/\/pubeurope.com\/@fr\/115554217200941171","error":""},"_links":{"self":[{"href":"https:\/\/www.europesays.com\/fr\/wp-json\/wp\/v2\/posts\/536157","targetHints":{"allow":["GET"]}}],"collection":[{"href":"https:\/\/www.europesays.com\/fr\/wp-json\/wp\/v2\/posts"}],"about":[{"href":"https:\/\/www.europesays.com\/fr\/wp-json\/wp\/v2\/types\/post"}],"author":[{"embeddable":true,"href":"https:\/\/www.europesays.com\/fr\/wp-json\/wp\/v2\/users\/2"}],"replies":[{"embeddable":true,"href":"https:\/\/www.europesays.com\/fr\/wp-json\/wp\/v2\/comments?post=536157"}],"version-history":[{"count":0,"href":"https:\/\/www.europesays.com\/fr\/wp-json\/wp\/v2\/posts\/536157\/revisions"}],"wp:featuredmedia":[{"embeddable":true,"href":"https:\/\/www.europesays.com\/fr\/wp-json\/wp\/v2\/media\/536158"}],"wp:attachment":[{"href":"https:\/\/www.europesays.com\/fr\/wp-json\/wp\/v2\/media?parent=536157"}],"wp:term":[{"taxonomy":"category","embeddable":true,"href":"https:\/\/www.europesays.com\/fr\/wp-json\/wp\/v2\/categories?post=536157"},{"taxonomy":"post_tag","embeddable":true,"href":"https:\/\/www.europesays.com\/fr\/wp-json\/wp\/v2\/tags?post=536157"}],"curies":[{"name":"wp","href":"https:\/\/api.w.org\/{rel}","templated":true}]}}