{"id":536171,"date":"2025-11-15T14:42:12","date_gmt":"2025-11-15T14:42:12","guid":{"rendered":"https:\/\/www.europesays.com\/fr\/536171\/"},"modified":"2025-11-15T14:42:12","modified_gmt":"2025-11-15T14:42:12","slug":"martin-couvra-nira-pas-sur-le-pga-tour-rory-mcilroy-et-rasmus-neergaard-petersen-aux-commandes-lequipe","status":"publish","type":"post","link":"https:\/\/www.europesays.com\/fr\/536171\/","title":{"rendered":"Martin Couvra n&#039;ira pas sur le PGA Tour, Rory McIlroy et Rasmus Neergaard-Petersen aux commandes &#8211; L&#039;\u00c9quipe"},"content":{"rendered":"<ol>\n<li><a href=\"https:\/\/news.google.com\/rss\/articles\/CBMi2gFBVV95cUxNVTB6azlmSktXcldELWRQY001elVMOVpFSjlyUGpLTS1CbEc3TzJFQThScms4N0RUdUx4eFV5a0NidHhjQlptMG5VUG9YMVB0X05uLTBIZWxpYW1XX3Etd2x1YUk2MjhmRGtSNDEzNVg1UlpMVUdwSFBRaXdfVk1PTF81Yy0ycThyeE1xOVpRdW8tRUVJMU00V3ZVajI0Zk0ySVZxRGRXcllBMlBRVDljTjNES0s5cTFfckpCREphak5mMFlwNmlUVjRmemE2RFdqSmxBN0lJOGptdw?oc=5\" target=\"_blank\" rel=\"nofollow noopener\">Martin Couvra n&rsquo;ira pas sur le PGA Tour, Rory McIlroy et Rasmus Neergaard-Petersen aux commandes<\/a>&nbsp;&nbsp;L&rsquo;\u00c9quipe<\/li>\n<li><a href=\"https:\/\/news.google.com\/rss\/articles\/CBMigwFBVV95cUxQYzIzV1gtdmo0cVVXMU1uUjRMX0tLb3IyUEZvVjM2cHVqaW9OTWlIVXFRY0xCelFIT0w2ekVhdFhmQW45S0tyMElzX0NndEFaeGQyWXpJb052UHMxd1lmaFFKdFhLRkdwVDFrY2l3b3RlcEZHWHpCVE83OFlEcGlTZmZFZw?oc=5\" target=\"_blank\" rel=\"nofollow noopener\">Pour Martin Couvra, l\u2019Am\u00e9rique attendra !<\/a>&nbsp;&nbsp;Golf Plan\u00e8te<\/li>\n<li><a href=\"https:\/\/news.google.com\/rss\/articles\/CBMieEFVX3lxTFBlUThVN3ZxdVExWWw3ME01ZGlMWXBPMEk4dWVBTzBvR2VrcVptYzNLNU43LU5UTmc0eHllaklLVGdwN0MycS15aVk0ZnRJRHc0SEhXUGRmaFdXSHd1UlMydVVHQmRqeXVnTmdvTHA1Y05iVDA0TU9RQw?oc=5\" target=\"_blank\" rel=\"nofollow noopener\">3e tour. 1re partie<\/a>&nbsp;&nbsp;CANAL+<\/li>\n<li><a href=\"https:\/\/news.google.com\/rss\/articles\/CBMiqwFBVV95cUxQQ0xaUi1fR3BfVGpFaTJqZjVuVEZFa3FCcnRQTklBQkEzY3E3T0hPbmNqVDRGN2hMckEtZUhnY0VQbElLTnNPVnBLNU1PSndpVm1tRVQxOUNGQU5OcWNhVTkxT3RoUzgtSnZweEJsQnNnNjRHSGp4XzU5T2Q4V1FHMVlLN1VucmlHNHV3a0k3cnlURW8yX0ZUSEQyUEg4WFJHUXBaV2RXd3o5ZE0?oc=5\" target=\"_blank\" rel=\"nofollow noopener\">DP World Tour Championship : Les Fran\u00e7ais r\u00e9agissent<\/a>&nbsp;&nbsp;F\u00e9d\u00e9ration fran\u00e7aise de golf (ffgolf)<\/li>\n<li><a href=\"https:\/\/news.google.com\/rss\/articles\/CBMilgJBVV95cUxQY3lzOUZWV0lsS0JHNGRxeFpCUkxZZVBINzdiYlBTTlRiNHVKR1FRZ1M2cXBtRk5zSDJCVkRUUGlPU05SS1hFeW9QUVU3SnpsaXVfX2ZWSFE5eFhnMElzSmdrQnlNVlhNMTlPSk05WDlJOVc5SGtrT0ZLNEtwLU5vdGl3QWZ1cWd1dlJ6Q1lxY2J6elZTRmxmaHJob1FjNVVpRzJUZkdKRlBCZHViRVZHT2pzY2xzeTA2M2xVOEdpUXQyT0VhVFdqMnE1OU9sTXJteGMwekJzMkpvaE9qRHZWdGdQOE9RVWI3RlpONWlFWkRWM212X1YwaXZDVkdaUDc3ZElzbGhUTHhSc3BkVTNhYnlFUEg1dw?oc=5\" target=\"_blank\" rel=\"nofollow noopener\">Golf. Finale Race to Duba\u00ef : Rory McIlroy domine les d\u00e9bats avec le Danois Rasmus Neergaard-Petersen<\/a>&nbsp;&nbsp;Ouest-France<\/li>\n<\/ol>\n","protected":false},"excerpt":{"rendered":"Martin Couvra n&rsquo;ira pas sur le PGA Tour, Rory McIlroy et Rasmus Neergaard-Petersen aux commandes&nbsp;&nbsp;L&rsquo;\u00c9quipe Pour Martin Couvra,&hellip;\n","protected":false},"author":2,"featured_media":536172,"comment_status":"","ping_status":"","sticky":false,"template":"","format":"standard","meta":{"footnotes":""},"categories":[1418],"tags":[1011,27,1472,60],"class_list":{"0":"post-536171","1":"post","2":"type-post","3":"status-publish","4":"format-standard","5":"has-post-thumbnail","7":"category-golf","8":"tag-fr","9":"tag-france","10":"tag-golf","11":"tag-sports"},"share_on_mastodon":{"url":"https:\/\/pubeurope.com\/@fr\/115554244556007020","error":""},"_links":{"self":[{"href":"https:\/\/www.europesays.com\/fr\/wp-json\/wp\/v2\/posts\/536171","targetHints":{"allow":["GET"]}}],"collection":[{"href":"https:\/\/www.europesays.com\/fr\/wp-json\/wp\/v2\/posts"}],"about":[{"href":"https:\/\/www.europesays.com\/fr\/wp-json\/wp\/v2\/types\/post"}],"author":[{"embeddable":true,"href":"https:\/\/www.europesays.com\/fr\/wp-json\/wp\/v2\/users\/2"}],"replies":[{"embeddable":true,"href":"https:\/\/www.europesays.com\/fr\/wp-json\/wp\/v2\/comments?post=536171"}],"version-history":[{"count":0,"href":"https:\/\/www.europesays.com\/fr\/wp-json\/wp\/v2\/posts\/536171\/revisions"}],"wp:featuredmedia":[{"embeddable":true,"href":"https:\/\/www.europesays.com\/fr\/wp-json\/wp\/v2\/media\/536172"}],"wp:attachment":[{"href":"https:\/\/www.europesays.com\/fr\/wp-json\/wp\/v2\/media?parent=536171"}],"wp:term":[{"taxonomy":"category","embeddable":true,"href":"https:\/\/www.europesays.com\/fr\/wp-json\/wp\/v2\/categories?post=536171"},{"taxonomy":"post_tag","embeddable":true,"href":"https:\/\/www.europesays.com\/fr\/wp-json\/wp\/v2\/tags?post=536171"}],"curies":[{"name":"wp","href":"https:\/\/api.w.org\/{rel}","templated":true}]}}