{"id":536175,"date":"2025-11-15T14:45:16","date_gmt":"2025-11-15T14:45:16","guid":{"rendered":"https:\/\/www.europesays.com\/fr\/536175\/"},"modified":"2025-11-15T14:45:16","modified_gmt":"2025-11-15T14:45:16","slug":"atp-finals-auger-aliassime-annonce-la-couleur-avant-daffronter-alcaraz-un-jour-il-faudra-commencer-a-les-battre-plus-dune-fois-si-on-veut-etre-considere-comme-un-rival-si-on-ne-gagne-quune","status":"publish","type":"post","link":"https:\/\/www.europesays.com\/fr\/536175\/","title":{"rendered":"ATP &#8211; Finals > Auger-Aliassime annonce la couleur avant d&rsquo;affronter Alcaraz : \u00ab\u00a0Un jour, il faudra commencer \u00e0 les battre plus d&rsquo;une fois si on veut \u00eatre consid\u00e9r\u00e9 comme un rival. Si on ne gagne qu&rsquo;une fois tous les trente-six du mois, on n&rsquo;est pas vraiment leur rival\u00a0\u00bb"},"content":{"rendered":"<p>En conf\u00e9\u00adrence de presse avant sa demi\u2010finale contre Carlos Alcaraz au Masters de Turin, Felix Auger\u2010Aliassime a exprim\u00e9 sa volont\u00e9 de riva\u00adliser avec l\u2019Espagnol et Jannik Sinner.\u00a0<\/p>\n<p><strong>\u00ab\u202fCe n\u2019est jamais agr\u00e9able de perdre contre qui que ce soit. On se pr\u00e9pare toujours, pour n\u2019im\u00adporte quel match, \u00e0 gagner. Je ne me pr\u00e9pare pas \u00e0 perdre. Il faut aussi rela\u00adti\u00adviser et se dire que peu de joueurs battent Alcaraz et Sinner. Mais pour moi, l\u2019im\u00adpor\u00adtant est de passer du temps sur le court avec eux, de voir ce qui fonc\u00adtionne, et ensuite, avec un peu de chance, de me rappro\u00adcher de plus en plus. Un jour, il faudra commencer \u00e0 les battre plus d\u2019une fois si on veut \u00eatre consi\u00add\u00e9r\u00e9 comme un \u2018rival\u2019. Si on ne gagne qu\u2019une fois tous les trente\u2010six du mois, on n\u2019est pas vrai\u00adment leur\u00a0rival.\u202f\u00bb<\/strong><\/p>\n<p>A noter que le Canadien est men\u00e9 3\u20134 dans ses face\u2010\u00e0\u2010face avec Alcaraz en ayant perdu leurs quatre derniers duels. Face \u00e0 Sinner, il est men\u00e9 2\u20134\u202fen ayant \u00e9gale\u00adment perdu leurs quatre derni\u00e8res confrontations.\u00a0<\/p>\n<p class=\"post-published-date\" style=\"color: silver; font-size: 75%; text-align: left;\">Publi\u00e9 le samedi 15 novembre 2025 \u00e0 13:57<\/p>\n","protected":false},"excerpt":{"rendered":"En conf\u00e9\u00adrence de presse avant sa demi\u2010finale contre Carlos Alcaraz au Masters de Turin, Felix Auger\u2010Aliassime a exprim\u00e9&hellip;\n","protected":false},"author":2,"featured_media":536176,"comment_status":"","ping_status":"","sticky":false,"template":"","format":"standard","meta":{"footnotes":""},"categories":[1415],"tags":[1744,14496,1011,27,2127,60,1467],"class_list":{"0":"post-536175","1":"post","2":"type-post","3":"status-publish","4":"format-standard","5":"has-post-thumbnail","7":"category-tennis","8":"tag-alcaraz","9":"tag-auger-aliassime","10":"tag-fr","11":"tag-france","12":"tag-sinner","13":"tag-sports","14":"tag-tennis"},"share_on_mastodon":{"url":"https:\/\/pubeurope.com\/@fr\/115554256356891178","error":""},"_links":{"self":[{"href":"https:\/\/www.europesays.com\/fr\/wp-json\/wp\/v2\/posts\/536175","targetHints":{"allow":["GET"]}}],"collection":[{"href":"https:\/\/www.europesays.com\/fr\/wp-json\/wp\/v2\/posts"}],"about":[{"href":"https:\/\/www.europesays.com\/fr\/wp-json\/wp\/v2\/types\/post"}],"author":[{"embeddable":true,"href":"https:\/\/www.europesays.com\/fr\/wp-json\/wp\/v2\/users\/2"}],"replies":[{"embeddable":true,"href":"https:\/\/www.europesays.com\/fr\/wp-json\/wp\/v2\/comments?post=536175"}],"version-history":[{"count":0,"href":"https:\/\/www.europesays.com\/fr\/wp-json\/wp\/v2\/posts\/536175\/revisions"}],"wp:featuredmedia":[{"embeddable":true,"href":"https:\/\/www.europesays.com\/fr\/wp-json\/wp\/v2\/media\/536176"}],"wp:attachment":[{"href":"https:\/\/www.europesays.com\/fr\/wp-json\/wp\/v2\/media?parent=536175"}],"wp:term":[{"taxonomy":"category","embeddable":true,"href":"https:\/\/www.europesays.com\/fr\/wp-json\/wp\/v2\/categories?post=536175"},{"taxonomy":"post_tag","embeddable":true,"href":"https:\/\/www.europesays.com\/fr\/wp-json\/wp\/v2\/tags?post=536175"}],"curies":[{"name":"wp","href":"https:\/\/api.w.org\/{rel}","templated":true}]}}