{"id":536189,"date":"2025-11-15T14:56:22","date_gmt":"2025-11-15T14:56:22","guid":{"rendered":"https:\/\/www.europesays.com\/fr\/536189\/"},"modified":"2025-11-15T14:56:22","modified_gmt":"2025-11-15T14:56:22","slug":"promis-a-un-succes-mondial-le-film-planetes-coecrit-par-le-decazevillois-alain-layrac-en-premiere-nationale-dans-ce-cinema-de-laveyron","status":"publish","type":"post","link":"https:\/\/www.europesays.com\/fr\/536189\/","title":{"rendered":"Promis \u00e0 un succ\u00e8s mondial, le film \u00ab\u00a0Plan\u00e8tes\u00a0\u00bb co\u00e9crit par le Decazevillois Alain Layrac en premi\u00e8re nationale dans ce cin\u00e9ma de l&rsquo;Aveyron"},"content":{"rendered":"<p>\n                                                                La sortie de \u00ab\u00a0Plan\u00e8tes\u00a0\u00bb est pr\u00e9vue le 11 mars 2026. Mais le film multir\u00e9compens\u00e9 de Momoko Seto et du Decazevillois Alain Layrac sera pr\u00e9sent\u00e9, en leur pr\u00e9sence, en avant-premi\u00e8re nationale ce mardi 18 novembre \u00e0 20 h 30 au cin\u00e9ma La Strada de Decazeville.\n                            <\/p>\n<p>La bande-annonce et l\u2019affiche viennent d\u2019\u00eatre d\u00e9voil\u00e9es. Le grand public devra pourtant attendre le 11 mars pour voir en salle \u00ab\u00a0Plan\u00e8tes\u00a0\u00bb, le film \u00e9v\u00e9nement r\u00e9alis\u00e9 par Momoko Seto et co\u00e9crit par le sc\u00e9nariste decazevillois Alain Layrac.<\/p>\n<p>Les spectateurs du cin\u00e9ma La Strada de Decazeville auront le privil\u00e8ge de d\u00e9couvrir \u00ab\u00a0Plan\u00e8tes\u00a0\u00bb en avant-premi\u00e8re, le mardi 18 novembre \u00e0 20 h 30.<\/p>\n<p>Cerise sur le g\u00e2teau : Momoko Seto et Alain Layrac pr\u00e9senteront eux-m\u00eames le film puis r\u00e9pondront aux questions du public apr\u00e8s la projection. Le verre de l\u2019amiti\u00e9 est \u00e9galement au programme de la soir\u00e9e.<\/p>\n<p>\u00ab\u00a0Je n\u2019imaginais pas une sortie de Plan\u00e8tes sans une avant-premi\u00e8re nationale \u00e0 Decazeville, ma ville natale ch\u00e8re \u00e0 mon c\u0153ur. Mon v\u0153u \u00e9tait de pouvoir la faire avec Momoko. Sa venue \u00e9tait incertaine mais elle pourra finalement \u00eatre l\u00e0. J\u2019en suis vraiment heureux\u00a0\u00bb, sourit Alain Layrac. En effet, de festivals en projections pour scolaires, la promotion du film bat son plein \u00e0 travers le monde (lire encadr\u00e9 ci-contre) en attendant la sortie en salle. Promotion que se partagent Momoko Seto et Alain Layrac. En particulier pour accompagner les actions men\u00e9es par le distributeur du film (Gebeka) aupr\u00e8s de la jeunesse partout en France et au-del\u00e0.<\/p>\n<p>\u00ab\u00a0Une odyss\u00e9e dans l\u2019infiniment petit\u00a0\u00bb<\/p>\n<p>Durant 1 h 17, le film \u00ab\u00a0Plan\u00e8tes\u00a0\u00bb raconte l\u2019histoire de quatre graines de pissenlit (des ak\u00e8nes) rescap\u00e9es d\u2019explosions nucl\u00e9aires qui d\u00e9truisent la Terre, et se trouvent projet\u00e9es dans le cosmos. Apr\u00e8s s\u2019\u00eatre \u00e9chou\u00e9es sur une plan\u00e8te inconnue, elles partent \u00e0 la qu\u00eate d\u2019un sol propice \u00e0 la survie de leur esp\u00e8ce.<\/p>\n<p>Un film sans parole, baignant dans l\u2019univers musical cr\u00e9\u00e9 par Nicolas Becker (oscaris\u00e9 en 2021 pour \u00ab\u00a0Sound of Metal\u00a0\u00bb) et Quentin Sirjacq, faisant s\u2019exprimer les personnages par les sons ; et par l\u00e0 m\u00eame faire parler le silence. Le tout accompagn\u00e9 de superbes musiques.<\/p>\n<p>Le film est produit par Ecce Films, Miyu Production, le CNC, Arte, Canal +, Cin\u00e9 +, les r\u00e9gions \u00cele-de-France et Aquitaine.<\/p>\n<p>\u00a0\u00bb Ce sont des images r\u00e9elles, tr\u00e8s belles, o\u00f9 seules les quatre petites tiges de pissenlits sont en images anim\u00e9es. Il y a eu tout de m\u00eame 260 jours de tournage ! Je le vois comme un \u00a0\u00bb Indiana Jones \u00a0\u00bb v\u00e9g\u00e9tal. On peut le situer entre les films \u00a0\u00bb Microcosmos \u00a0\u00bb et le film d\u2019animation \u00a0\u00bb Minuscule \u00ab\u00a0. Ce n\u2019est pas un documentaire mais un vrai film avec un sc\u00e9nario o\u00f9 des animaux ont v\u00e9ritablement jou\u00e9. C\u2019est une odyss\u00e9e dans l\u2019infiniment petit dans laquelle on se laisse embarquer \u00ab\u00a0, souligne Alain Layrac.<\/p>\n<p>Alain Layrac au cin\u00e9ma d\u2019Albi le 19 novembre<\/p>\n<p>Dans la foul\u00e9e de la soir\u00e9e \u00e0 La Strada, Alain Layrac pr\u00e9sentera \u00ab\u00a0Plan\u00e8tes\u00a0\u00bb le lendemain mercredi 19 novembre \u00e0 16 heures au cin\u00e9ma CGR Lap\u00e9rouse d\u2019Albi, dans le cadre du festival Les \u0152illades.<\/p>\n<p>Un festival que conna\u00eet bien Alain Layrac, r\u00e9compens\u00e9 \u00e0 Albi en 1999 avec le Prix du meilleur sc\u00e9nario pour \u00ab\u00a0Mauvaises fr\u00e9quentations\u00a0\u00bb, avant d\u2019assurer la pr\u00e9sidence du jury du festival de l\u2019\u00e9dition 2001.<\/p>\n","protected":false},"excerpt":{"rendered":"La sortie de \u00ab\u00a0Plan\u00e8tes\u00a0\u00bb est pr\u00e9vue le 11 mars 2026. Mais le film multir\u00e9compens\u00e9 de Momoko Seto et&hellip;\n","protected":false},"author":2,"featured_media":536190,"comment_status":"","ping_status":"","sticky":false,"template":"","format":"standard","meta":{"footnotes":""},"categories":[1354],"tags":[58,59,1346,1011,27,1360],"class_list":{"0":"post-536189","1":"post","2":"type-post","3":"status-publish","4":"format-standard","5":"has-post-thumbnail","7":"category-films","8":"tag-divertissement","9":"tag-entertainment","10":"tag-films","11":"tag-fr","12":"tag-france","13":"tag-movies"},"share_on_mastodon":{"url":"https:\/\/pubeurope.com\/@fr\/115554299745830804","error":""},"_links":{"self":[{"href":"https:\/\/www.europesays.com\/fr\/wp-json\/wp\/v2\/posts\/536189","targetHints":{"allow":["GET"]}}],"collection":[{"href":"https:\/\/www.europesays.com\/fr\/wp-json\/wp\/v2\/posts"}],"about":[{"href":"https:\/\/www.europesays.com\/fr\/wp-json\/wp\/v2\/types\/post"}],"author":[{"embeddable":true,"href":"https:\/\/www.europesays.com\/fr\/wp-json\/wp\/v2\/users\/2"}],"replies":[{"embeddable":true,"href":"https:\/\/www.europesays.com\/fr\/wp-json\/wp\/v2\/comments?post=536189"}],"version-history":[{"count":0,"href":"https:\/\/www.europesays.com\/fr\/wp-json\/wp\/v2\/posts\/536189\/revisions"}],"wp:featuredmedia":[{"embeddable":true,"href":"https:\/\/www.europesays.com\/fr\/wp-json\/wp\/v2\/media\/536190"}],"wp:attachment":[{"href":"https:\/\/www.europesays.com\/fr\/wp-json\/wp\/v2\/media?parent=536189"}],"wp:term":[{"taxonomy":"category","embeddable":true,"href":"https:\/\/www.europesays.com\/fr\/wp-json\/wp\/v2\/categories?post=536189"},{"taxonomy":"post_tag","embeddable":true,"href":"https:\/\/www.europesays.com\/fr\/wp-json\/wp\/v2\/tags?post=536189"}],"curies":[{"name":"wp","href":"https:\/\/api.w.org\/{rel}","templated":true}]}}