{"id":536203,"date":"2025-11-15T15:04:14","date_gmt":"2025-11-15T15:04:14","guid":{"rendered":"https:\/\/www.europesays.com\/fr\/536203\/"},"modified":"2025-11-15T15:04:14","modified_gmt":"2025-11-15T15:04:14","slug":"quelques-jours-apres-sa-liberation-le-sejour-berlinois-de-boualem-sansal-se-prolonge","status":"publish","type":"post","link":"https:\/\/www.europesays.com\/fr\/536203\/","title":{"rendered":"Quelques jours apr\u00e8s sa lib\u00e9ration, le s\u00e9jour berlinois de Boualem Sansal se prolonge"},"content":{"rendered":"<p>\n    <strong>R\u00c9CIT &#8211; <\/strong>L\u2019\u00e9crivain, qui esp\u00e9rait rentrer en France vendredi ou samedi, devra finalement patienter.<\/p>\n<p class=\"fig-paragraph\">Les soutiens de Boualem Sansal devront encore attendre avant de l\u2019accueillir \u00e0 Paris. Selon diverses sources, le s\u00e9jour berlinois de l\u2019\u00e9crivain, qui esp\u00e9rait regagner la France vendredi ou samedi, devrait se prolonger d\u2019au moins quelques jours. Arr\u00eat\u00e9 le 16 novembre 2024 \u00e0 Alger, le natif de Theniet El Had avait \u00e9t\u00e9\u00a0<a href=\"http:\/\/www.lefigaro.fr\/international\/algerie-boualem-sansal-a-nouveau-condamne-l-issue-politique-negociee-reste-possible-20250701\" target=\"_blank\" data-fig-type=\"NewsFlash\" rel=\"noopener nofollow\" data-gtm-custom-categorie=\"navigation\" data-gtm-custom-action=\"crossclick\" data-gtm-custom-label=\"Contextuel\" data-gtm-event=\"customEventSPE\" data-fig-domain=\"LEFIGARO\">condamn\u00e9 en juillet dernier \u00e0 cinq ans de prison et 500.000 dinars d\u2019amende<\/a>. Sa lib\u00e9ration a finalement \u00e9t\u00e9 obtenue en grande partie gr\u00e2ce aux \u00abbons offices\u00bb du pr\u00e9sident f\u00e9d\u00e9ral allemand Frank-Walter Steinmeier, qui a agi en \u00abtiers de confiance\u00bb alors que \u00abla d\u00e9fiance avait grandi entre la France et l\u2019Alg\u00e9rie\u00bb, a soulign\u00e9 l\u2019\u00c9lys\u00e9e. C\u2019est peu de le dire\u00a0: soufflant sur les braises d\u2019une relation d\u00e9j\u00e0 tr\u00e8s complexe, la situation de l\u2019auteur franco-alg\u00e9rien a provoqu\u00e9 une crise diplomatique majeure entre les deux pays.<\/p>\n<p class=\"fig-body-link\">\n            \u00c0 lire aussi<br \/>\n        <a class=\"fig-body-link__link fig-premium-mark\" href=\"http:\/\/www.lefigaro.fr\/international\/boualem-sansal-oqtf-sahara-occidental-l-eternel-nouveau-depart-de-la-relation-franco-algerienne-20251113\" target=\"_blank\" data-fig-type=\"Article\" rel=\"noopener nofollow\" data-gtm-custom-categorie=\"navigation\" data-gtm-custom-action=\"crossclick\" data-gtm-custom-label=\"Contextuel\" data-gtm-event=\"customEventSPE\" data-fig-domain=\"LEFIGARO\"><\/p>\n<p>        Boualem Sansal, OQTF, Sahara occidental&#8230; L\u2019\u00e9ternel nouveau d\u00e9part de la relation franco-alg\u00e9rienne<br \/>\n    <\/a>\n<\/p>\n<p class=\"fig-paragraph\">Sit\u00f4t la gr\u00e2ce de Boualem Sansal accord\u00e9e par le pr\u00e9sident alg\u00e9rien Abdelmadjid Tebboune, mercredi 12 novembre en milieu de journ\u00e9e, une vague de joie et de\u2026<\/p>\n<p class=\"fig-premium-paywall__infos\">\n        Cet article est r\u00e9serv\u00e9 aux abonn\u00e9s.        Il vous reste 83% \u00e0 d\u00e9couvrir.\n    <\/p>\n<p>                <img  data- alt=\"Le Figaro\" class=\"fig-img--complete fig-img\"\/><\/p>\n<p class=\"fig-premium-paywall__title\">Black Friday<\/p>\n<p class=\"fig-premium-paywall__subtitle\">-70% sur l&rsquo;abonnement num\u00e9rique<\/p>\n<p class=\"fig-premium-paywall__connect\">\n                D\u00e9j\u00e0 abonn\u00e9\u00a0?                <a class=\"fig-premium-paywall__connect-link\" href=\"https:\/\/connect.lefigaro.fr\/login?client=horizon_web&amp;type=main&amp;redirect_uri=https%3A%2F%2Fwww.lefigaro.fr%2Finternational%2Fquelques-jours-apres-sa-liberation-le-sejour-berlinois-de-boualem-sansal-se-prolonge-20251115\" data-js-gtm=\"{&quot;customCategorie&quot;: &quot;conversion&quot;, &quot;customAction&quot;: &quot;before_Landing_Connexion_paywall_auto&quot;, &quot;customLabel&quot;: &quot;bGVmaWdhcm8uZnJfXzFmMGMxN2I4LTA2ZmYtNjhkOC1iZTkzLTJmZGQyYjI3ZWI4M19fTmV3c0ZsYXNo_Quelques jours apr\u00e8s sa lib\u00e9ration, le s\u00e9jour berlinois de Boualem Sansal se prolonge_155&quot;, &quot;customIDSPE&quot;: &quot;bGVmaWdhcm8uZnJfXzFmMGMxN2I4LTA2ZmYtNjhkOC1iZTkzLTJmZGQyYjI3ZWI4M19fTmV3c0ZsYXNo&quot;, &quot;event&quot;: &quot;customEventSPE&quot;}\" rel=\"nofollow noopener\" target=\"_blank\"><br \/>\n                    Connectez-vous<br \/>\n                <\/a>\n            <\/p>\n","protected":false},"excerpt":{"rendered":"R\u00c9CIT &#8211; L\u2019\u00e9crivain, qui esp\u00e9rait rentrer en France vendredi ou samedi, devra finalement patienter. Les soutiens de Boualem&hellip;\n","protected":false},"author":2,"featured_media":536204,"comment_status":"","ping_status":"","sticky":false,"template":"","format":"standard","meta":{"footnotes":""},"categories":[4],"tags":[11,672,1898,4142,1011,27,12,25],"class_list":{"0":"post-536203","1":"post","2":"type-post","3":"status-publish","4":"format-standard","5":"has-post-thumbnail","7":"category-france","8":"tag-actualites","9":"tag-allemagne","10":"tag-berlin","11":"tag-boualem-sansal","12":"tag-fr","13":"tag-france","14":"tag-news","15":"tag-republique-francaise"},"share_on_mastodon":{"url":"https:\/\/pubeurope.com\/@fr\/115554331433508949","error":""},"_links":{"self":[{"href":"https:\/\/www.europesays.com\/fr\/wp-json\/wp\/v2\/posts\/536203","targetHints":{"allow":["GET"]}}],"collection":[{"href":"https:\/\/www.europesays.com\/fr\/wp-json\/wp\/v2\/posts"}],"about":[{"href":"https:\/\/www.europesays.com\/fr\/wp-json\/wp\/v2\/types\/post"}],"author":[{"embeddable":true,"href":"https:\/\/www.europesays.com\/fr\/wp-json\/wp\/v2\/users\/2"}],"replies":[{"embeddable":true,"href":"https:\/\/www.europesays.com\/fr\/wp-json\/wp\/v2\/comments?post=536203"}],"version-history":[{"count":0,"href":"https:\/\/www.europesays.com\/fr\/wp-json\/wp\/v2\/posts\/536203\/revisions"}],"wp:featuredmedia":[{"embeddable":true,"href":"https:\/\/www.europesays.com\/fr\/wp-json\/wp\/v2\/media\/536204"}],"wp:attachment":[{"href":"https:\/\/www.europesays.com\/fr\/wp-json\/wp\/v2\/media?parent=536203"}],"wp:term":[{"taxonomy":"category","embeddable":true,"href":"https:\/\/www.europesays.com\/fr\/wp-json\/wp\/v2\/categories?post=536203"},{"taxonomy":"post_tag","embeddable":true,"href":"https:\/\/www.europesays.com\/fr\/wp-json\/wp\/v2\/tags?post=536203"}],"curies":[{"name":"wp","href":"https:\/\/api.w.org\/{rel}","templated":true}]}}