{"id":536209,"date":"2025-11-15T15:09:02","date_gmt":"2025-11-15T15:09:02","guid":{"rendered":"https:\/\/www.europesays.com\/fr\/536209\/"},"modified":"2025-11-15T15:09:02","modified_gmt":"2025-11-15T15:09:02","slug":"une-bagarre-generale-eclate-en-centre-ville-de-nancy-sept-personnes-interpellees","status":"publish","type":"post","link":"https:\/\/www.europesays.com\/fr\/536209\/","title":{"rendered":"Une bagarre g\u00e9n\u00e9rale \u00e9clate en centre-ville de Nancy : sept personnes interpell\u00e9es"},"content":{"rendered":"<p>                    Par<br \/>\n        <strong><br \/>\n            <a href=\"https:\/\/actu.fr\/auteur\/amandine-mehl\" title=\"Consulter tous les articles de Amandine Mehl\" rel=\"nofollow noopener\" target=\"_blank\">Amandine Mehl<\/a><br \/>\n                    <\/strong><\/p>\n<p>        Publi\u00e9 le<\/p>\n<p>            14 nov. 2025 \u00e0 11h15        <\/p>\n<p>Une <strong>bagarre g\u00e9n\u00e9rale<\/strong> a \u00e9clat\u00e9, peu avant 19h mardi 11\u00a0novembre 2025, secteur <strong>place Saint-Epvre<\/strong> \u00e0 Nancy.<br \/>Intervenue sur les lieux, la <a href=\"https:\/\/actu.fr\/tag\/police\" rel=\"nofollow noopener\" target=\"_blank\">police<\/a> a proc\u00e9d\u00e9 \u00e0 l\u2019<strong>interpellation de sept individus<\/strong>.<\/p>\n<p>Plusieurs \u00e9quipages de police d\u00e9ploy\u00e9s<\/p>\n<p class=\" wall-content\">Pour l\u2019heure, <strong>difficile<\/strong> de conna\u00eetre le <strong>point de d\u00e9part de la rixe<\/strong>. En d\u00e9but de soir\u00e9e, un <strong>diff\u00e9rend<\/strong> est survenu entre des personnes qui se trouvaient sur la voie publique et d\u2019autres dans un appartement.<\/p>\n<p class=\" wall-content\">Celles qui \u00e9taient dans l\u2019habitation sont sorties et le diff\u00e9rend a vir\u00e9 \u00e0 la bagarre g\u00e9n\u00e9rale. \u00ab\u2009Ils se sont tap\u00e9s dessus <strong>\u00e0 coups de b\u00e9quilles<\/strong>. Plusieurs \u00e9quipages de police ont d\u00fb \u00eatre d\u00e9ploy\u00e9s et ils <strong>ont d\u00fb casser la porte de l\u2019appartement<\/strong> dans lequel se trouvaient les protagonistes car ils ne voulaient pas ouvrir\u2009\u00bb, d\u00e9taille une source polici\u00e8re.<\/p>\n<p>Deux des sept personnes interpell\u00e9es sont connues de la justice<\/p>\n<p class=\" wall-content\">Sur les sept personnes plac\u00e9es en garde \u00e0 vue, <strong>deux sont connues de la justice<\/strong> et ont \u00e9t\u00e9 d\u00e9ferr\u00e9es.<\/p>\n<p class=\" wall-content\">Trois autres ont re\u00e7u une <strong>convocation par officier de police judiciaire<\/strong> en date du 1er\u00a0avril 2026.<\/p>\n<p class=\" wall-content\">Personnalisez votre actualit\u00e9 en ajoutant vos villes et m\u00e9dias en favori avec <a href=\"https:\/\/moncompte.actu.fr\" title=\"D\u00e9couvez Mon Actu\" rel=\"nofollow noopener\" data-trk=\"{&quot;cta&quot;:{&quot;action&quot;:&quot;https:\\\/\\\/moncompte.actu.fr&quot;,&quot;category&quot;:&quot;mon compte&quot;,&quot;from&quot;:&quot;article footer&quot;,&quot;name&quot;:&quot;Mon actu&quot;,&quot;type&quot;:&quot;cta&quot;}}\" target=\"_blank\">Mon Actu<\/a>.<\/p>\n","protected":false},"excerpt":{"rendered":"Par Amandine Mehl Publi\u00e9 le 14 nov. 2025 \u00e0 11h15 Une bagarre g\u00e9n\u00e9rale a \u00e9clat\u00e9, peu avant 19h&hellip;\n","protected":false},"author":2,"featured_media":536210,"comment_status":"","ping_status":"","sticky":false,"template":"","format":"standard","meta":{"footnotes":""},"categories":[9635],"tags":[1111,11,1777,674,118,1011,27,775,1702,12,1072,25],"class_list":{"0":"post-536209","1":"post","2":"type-post","3":"status-publish","4":"format-standard","5":"has-post-thumbnail","7":"category-nancy","8":"tag-actu","9":"tag-actualites","10":"tag-eu","11":"tag-europe","12":"tag-faits-divers","13":"tag-fr","14":"tag-france","15":"tag-grand-est","16":"tag-nancy","17":"tag-news","18":"tag-police","19":"tag-republique-francaise"},"share_on_mastodon":{"url":"","error":""},"_links":{"self":[{"href":"https:\/\/www.europesays.com\/fr\/wp-json\/wp\/v2\/posts\/536209","targetHints":{"allow":["GET"]}}],"collection":[{"href":"https:\/\/www.europesays.com\/fr\/wp-json\/wp\/v2\/posts"}],"about":[{"href":"https:\/\/www.europesays.com\/fr\/wp-json\/wp\/v2\/types\/post"}],"author":[{"embeddable":true,"href":"https:\/\/www.europesays.com\/fr\/wp-json\/wp\/v2\/users\/2"}],"replies":[{"embeddable":true,"href":"https:\/\/www.europesays.com\/fr\/wp-json\/wp\/v2\/comments?post=536209"}],"version-history":[{"count":0,"href":"https:\/\/www.europesays.com\/fr\/wp-json\/wp\/v2\/posts\/536209\/revisions"}],"wp:featuredmedia":[{"embeddable":true,"href":"https:\/\/www.europesays.com\/fr\/wp-json\/wp\/v2\/media\/536210"}],"wp:attachment":[{"href":"https:\/\/www.europesays.com\/fr\/wp-json\/wp\/v2\/media?parent=536209"}],"wp:term":[{"taxonomy":"category","embeddable":true,"href":"https:\/\/www.europesays.com\/fr\/wp-json\/wp\/v2\/categories?post=536209"},{"taxonomy":"post_tag","embeddable":true,"href":"https:\/\/www.europesays.com\/fr\/wp-json\/wp\/v2\/tags?post=536209"}],"curies":[{"name":"wp","href":"https:\/\/api.w.org\/{rel}","templated":true}]}}