{"id":536211,"date":"2025-11-15T15:10:33","date_gmt":"2025-11-15T15:10:33","guid":{"rendered":"https:\/\/www.europesays.com\/fr\/536211\/"},"modified":"2025-11-15T15:10:33","modified_gmt":"2025-11-15T15:10:33","slug":"prison-de-nancy-maxeville-cellule-de-crise-suspicion-dexplosifs","status":"publish","type":"post","link":"https:\/\/www.europesays.com\/fr\/536211\/","title":{"rendered":"Prison de Nancy-Maxeville : CELLULE DE CRISE ! Suspicion d\u2019explosifs !"},"content":{"rendered":"<p class=\"p1\"><strong>Ch\u00e8res et chers coll\u00e8gues,<\/strong><\/p>\n<p class=\"p1\"><strong>Ce vendredi 14 novembre, une cellule de crise a \u00e9t\u00e9 d\u00e9clench\u00e9e \u00e0 la Maison d\u2019arr\u00eat de Nancy\u2013Max\u00e9ville pour une suspicion d\u2019explosifs.<\/strong><\/p>\n<p class=\"p1\" style=\"text-align: center;\">L\u2019ensemble des forces mobilis\u00e9es<\/p>\n<p class=\"p1\" style=\"text-align: center;\"><strong>\u2014 ELSP, PREJ, \u00c9RIS, Gendarmerie, Brigade Cynophile \u2014 <\/strong><\/p>\n<p class=\"p1\" style=\"text-align: center;\">ont imm\u00e9diatement converg\u00e9 sur site pour assurer le maintien de la s\u00e9curit\u00e9 et la ma\u00eetrise de la situation.<\/p>\n<p class=\"p1\"><strong>FO Justice<\/strong> tient \u00e0 remercier sinc\u00e8rement tout le personnel engag\u00e9, sans exception. Votre r\u00e9activit\u00e9, votre professionnalisme et votre sang-froid ont permis de reprendre le contr\u00f4le rapidement et efficacement.<\/p>\n<p class=\"p1\">Les op\u00e9rations se poursuivent :<\/p>\n<ul>\n<li class=\"p1\">Transferts de personnes d\u00e9tenues en cours<\/li>\n<li class=\"p1\">Intervention des brigades cynophiles,<\/li>\n<li class=\"p1\">Aucun marquage dans les cellules cibl\u00e9es<\/li>\n<\/ul>\n<p class=\"p1\" style=\"text-align: center;\"><strong>Encore une fois, merci \u00e0 toutes et tous pour votre engagement.<\/strong><\/p>\n<p><a href=\"https:\/\/fojustice.fr\/web\/wp-content\/uploads\/2025\/11\/DOC-20251115-WA0004.pdf\" rel=\"nofollow noopener\" target=\"_blank\">Lire le communiqu\u00e9\u00a0<\/a><\/p>\n","protected":false},"excerpt":{"rendered":"Ch\u00e8res et chers coll\u00e8gues, Ce vendredi 14 novembre, une cellule de crise a \u00e9t\u00e9 d\u00e9clench\u00e9e \u00e0 la Maison&hellip;\n","protected":false},"author":2,"featured_media":536212,"comment_status":"","ping_status":"","sticky":false,"template":"","format":"standard","meta":{"footnotes":""},"categories":[9635],"tags":[1111,11,1777,674,1011,27,775,1702,12,25],"class_list":{"0":"post-536211","1":"post","2":"type-post","3":"status-publish","4":"format-standard","5":"has-post-thumbnail","7":"category-nancy","8":"tag-actu","9":"tag-actualites","10":"tag-eu","11":"tag-europe","12":"tag-fr","13":"tag-france","14":"tag-grand-est","15":"tag-nancy","16":"tag-news","17":"tag-republique-francaise"},"share_on_mastodon":{"url":"https:\/\/pubeurope.com\/@fr\/115554354651045679","error":""},"_links":{"self":[{"href":"https:\/\/www.europesays.com\/fr\/wp-json\/wp\/v2\/posts\/536211","targetHints":{"allow":["GET"]}}],"collection":[{"href":"https:\/\/www.europesays.com\/fr\/wp-json\/wp\/v2\/posts"}],"about":[{"href":"https:\/\/www.europesays.com\/fr\/wp-json\/wp\/v2\/types\/post"}],"author":[{"embeddable":true,"href":"https:\/\/www.europesays.com\/fr\/wp-json\/wp\/v2\/users\/2"}],"replies":[{"embeddable":true,"href":"https:\/\/www.europesays.com\/fr\/wp-json\/wp\/v2\/comments?post=536211"}],"version-history":[{"count":0,"href":"https:\/\/www.europesays.com\/fr\/wp-json\/wp\/v2\/posts\/536211\/revisions"}],"wp:featuredmedia":[{"embeddable":true,"href":"https:\/\/www.europesays.com\/fr\/wp-json\/wp\/v2\/media\/536212"}],"wp:attachment":[{"href":"https:\/\/www.europesays.com\/fr\/wp-json\/wp\/v2\/media?parent=536211"}],"wp:term":[{"taxonomy":"category","embeddable":true,"href":"https:\/\/www.europesays.com\/fr\/wp-json\/wp\/v2\/categories?post=536211"},{"taxonomy":"post_tag","embeddable":true,"href":"https:\/\/www.europesays.com\/fr\/wp-json\/wp\/v2\/tags?post=536211"}],"curies":[{"name":"wp","href":"https:\/\/api.w.org\/{rel}","templated":true}]}}