{"id":536221,"date":"2025-11-15T15:19:12","date_gmt":"2025-11-15T15:19:12","guid":{"rendered":"https:\/\/www.europesays.com\/fr\/536221\/"},"modified":"2025-11-15T15:19:12","modified_gmt":"2025-11-15T15:19:12","slug":"grenoble-le-couvent-sainte-cecile-consacre-mickey-en-icone-culturelle","status":"publish","type":"post","link":"https:\/\/www.europesays.com\/fr\/536221\/","title":{"rendered":"Grenoble. Le Couvent Sainte-C\u00e9cile consacre Mickey en ic\u00f4ne culturelle"},"content":{"rendered":"<p>N\u00e9 en 1928 de l\u2019imagination de Walt Disney et du crayon du g\u00e9nial dessinateur Ub Iwerks, Mickey a fait ses premiers pas sur pellicule, avant de devenir un h\u00e9ros de magazine. \u00ab\u00a0Nul ne se doute lors de son apparition, pas m\u00eame Walt Disney, que cette souris deviendrait l\u2019ic\u00f4ne culturelle du XXe\u00a0si\u00e8cle\u00a0\u00bb, pr\u00e9cise-t-on chez Gl\u00e9nat qui lui consacre une exposition compl\u00e8te au Couvent Sainte-C\u00e9cile.<\/p>\n<p>Mickey au cin\u00e9ma, Mickey dans les publications papier, Mickey dans les trois dimensions, de nombreux formats, supports et objets, aujourd\u2019hui inestimables pour les collectionneurs, seront pr\u00e9sent\u00e9s. Notamment le c\u00e9l\u00e8bre num\u00e9ro\u00a01 du Journal de Mickey, dat\u00e9 du 21\u00a0octobre 1934 (sorti r\u00e9ellement le 18).<\/p>\n<p>\u00ab\u00a0Quelques \u0153uvres contemporaines jalonneront \u00e9galement le parcours, attestant l\u2019extraordinaire post\u00e9rit\u00e9 de la c\u00e9l\u00e8bre petite souris, devenue ic\u00f4ne de la pop culture\u00a0\u00bb, promet-on chez Gl\u00e9nat.<\/p>\n<p class=\"note\">Mickey, tout a commenc\u00e9 par une souris, du 20\u00a0novembre\u00a02025 au 21\u00a0mars\u00a02026 au Couvent Sainte-C\u00e9cile \u00e0 Grenoble. 5\/7 \u20ac. Gratuit pour les moins de 12 ans.<\/p>\n","protected":false},"excerpt":{"rendered":"N\u00e9 en 1928 de l\u2019imagination de Walt Disney et du crayon du g\u00e9nial dessinateur Ub Iwerks, Mickey a&hellip;\n","protected":false},"author":2,"featured_media":536222,"comment_status":"","ping_status":"","sticky":false,"template":"","format":"standard","meta":{"footnotes":""},"categories":[9566],"tags":[1111,11,2430,1687,112,1777,674,2271,1011,27,2731,2732,108,2410,12,25,2205],"class_list":{"0":"post-536221","1":"post","2":"type-post","3":"status-publish","4":"format-standard","5":"has-post-thumbnail","7":"category-grenoble","8":"tag-actu","9":"tag-actualites","10":"tag-auvergne-rhone-alpes","11":"tag-culture-loisirs","12":"tag-edition-grenoble-agglomeration","13":"tag-eu","14":"tag-europe","15":"tag-exposition-arts-plastiques","16":"tag-fr","17":"tag-france","18":"tag-grenoble","19":"tag-grenoble-bassin","20":"tag-isere","21":"tag-livres-bd","22":"tag-news","23":"tag-republique-francaise","24":"tag-television-medias"},"share_on_mastodon":{"url":"https:\/\/pubeurope.com\/@fr\/115554390131992424","error":""},"_links":{"self":[{"href":"https:\/\/www.europesays.com\/fr\/wp-json\/wp\/v2\/posts\/536221","targetHints":{"allow":["GET"]}}],"collection":[{"href":"https:\/\/www.europesays.com\/fr\/wp-json\/wp\/v2\/posts"}],"about":[{"href":"https:\/\/www.europesays.com\/fr\/wp-json\/wp\/v2\/types\/post"}],"author":[{"embeddable":true,"href":"https:\/\/www.europesays.com\/fr\/wp-json\/wp\/v2\/users\/2"}],"replies":[{"embeddable":true,"href":"https:\/\/www.europesays.com\/fr\/wp-json\/wp\/v2\/comments?post=536221"}],"version-history":[{"count":0,"href":"https:\/\/www.europesays.com\/fr\/wp-json\/wp\/v2\/posts\/536221\/revisions"}],"wp:featuredmedia":[{"embeddable":true,"href":"https:\/\/www.europesays.com\/fr\/wp-json\/wp\/v2\/media\/536222"}],"wp:attachment":[{"href":"https:\/\/www.europesays.com\/fr\/wp-json\/wp\/v2\/media?parent=536221"}],"wp:term":[{"taxonomy":"category","embeddable":true,"href":"https:\/\/www.europesays.com\/fr\/wp-json\/wp\/v2\/categories?post=536221"},{"taxonomy":"post_tag","embeddable":true,"href":"https:\/\/www.europesays.com\/fr\/wp-json\/wp\/v2\/tags?post=536221"}],"curies":[{"name":"wp","href":"https:\/\/api.w.org\/{rel}","templated":true}]}}