{"id":536237,"date":"2025-11-15T15:27:20","date_gmt":"2025-11-15T15:27:20","guid":{"rendered":"https:\/\/www.europesays.com\/fr\/536237\/"},"modified":"2025-11-15T15:27:20","modified_gmt":"2025-11-15T15:27:20","slug":"au-marche-de-talensac-a-nantes-850-litres-de-potage-des-chefs-au-benefice-des-victimes","status":"publish","type":"post","link":"https:\/\/www.europesays.com\/fr\/536237\/","title":{"rendered":"Au march\u00e9 de Talensac, \u00e0 Nantes, 850 litres de \u00ab\u00a0potage des chefs\u00a0\u00bb au b\u00e9n\u00e9fice des victimes"},"content":{"rendered":"<p>Les chefs nantais remettent le couvert\u00a0: <a href=\"https:\/\/nantes.maville.com\/actu\/actudet_-a-nantes-les-potages-des-chefs-financent-des-protheses-pour-l-ukraine-_52716-6571964_actu.Htm\" target=\"_blank\" rel=\"noopener\">apr\u00e8s une premi\u00e8re \u00e9dition en 2024,<\/a> le Rotary-club de Nantes renouvelle son op\u00e9ration au b\u00e9n\u00e9fice des civils victimes de la guerre en Ukraine. L\u2019association a invit\u00e9 vingt-cinq\u00a0chefs de la r\u00e9gion nantaise \u00e0 concocter des potages \u00e0 partir de produits de saison, qui seront vendus au march\u00e9 nantais de Talensac, dimanche 23\u00a0novembre, ainsi que les samedi\u00a06 et dimanche 7\u00a0d\u00e9cembre, de 8\u00a0h \u00e0 13\u00a0h.<\/p>\n<p>Proth\u00e8ses pour les victimes civiles<\/p>\n<p>Les b\u00e9n\u00e9fices de la vente des soupes serviront \u00e0 financer des proth\u00e8ses pour les victimes collat\u00e9rales de la guerre entre la Russie et l\u2019Ukraine. Gr\u00e2ce \u00e0 diverses actions, l\u2019association s\u2019est donn\u00e9 pour objectif de r\u00e9colter 50\u00a0000\u00a0\u20ac.<\/p>\n<p>L\u2019\u00e9dition de l\u2019an dernier avait \u00e9t\u00e9 un succ\u00e8s, avec plus de 600\u00a0litres de potage vendus. Cette ann\u00e9e, 850\u00a0litres seront propos\u00e9s aux clients du march\u00e9.<\/p>\n<p>\u00a0<\/p>\n","protected":false},"excerpt":{"rendered":"Les chefs nantais remettent le couvert\u00a0: apr\u00e8s une premi\u00e8re \u00e9dition en 2024, le Rotary-club de Nantes renouvelle son&hellip;\n","protected":false},"author":2,"featured_media":536238,"comment_status":"","ping_status":"","sticky":false,"template":"","format":"standard","meta":{"footnotes":""},"categories":[2818],"tags":[53161,1111,11,23525,6457,1777,674,1011,27,1146,65568,2089,766,12,2636,65569,25,65567,220,2023],"class_list":{"0":"post-536237","1":"post","2":"type-post","3":"status-publish","4":"format-standard","5":"has-post-thumbnail","7":"category-nantes","8":"tag-53161","9":"tag-actu","10":"tag-actualites","11":"tag-benefice","12":"tag-chefs","13":"tag-eu","14":"tag-europe","15":"tag-fr","16":"tag-france","17":"tag-guerre","18":"tag-litres","19":"tag-marche","20":"tag-nantes","21":"tag-news","22":"tag-pays-de-la-loire","23":"tag-potage","24":"tag-republique-francaise","25":"tag-talensac","26":"tag-ukraine","27":"tag-victimes"},"share_on_mastodon":{"url":"https:\/\/pubeurope.com\/@fr\/115554421588008634","error":""},"_links":{"self":[{"href":"https:\/\/www.europesays.com\/fr\/wp-json\/wp\/v2\/posts\/536237","targetHints":{"allow":["GET"]}}],"collection":[{"href":"https:\/\/www.europesays.com\/fr\/wp-json\/wp\/v2\/posts"}],"about":[{"href":"https:\/\/www.europesays.com\/fr\/wp-json\/wp\/v2\/types\/post"}],"author":[{"embeddable":true,"href":"https:\/\/www.europesays.com\/fr\/wp-json\/wp\/v2\/users\/2"}],"replies":[{"embeddable":true,"href":"https:\/\/www.europesays.com\/fr\/wp-json\/wp\/v2\/comments?post=536237"}],"version-history":[{"count":0,"href":"https:\/\/www.europesays.com\/fr\/wp-json\/wp\/v2\/posts\/536237\/revisions"}],"wp:featuredmedia":[{"embeddable":true,"href":"https:\/\/www.europesays.com\/fr\/wp-json\/wp\/v2\/media\/536238"}],"wp:attachment":[{"href":"https:\/\/www.europesays.com\/fr\/wp-json\/wp\/v2\/media?parent=536237"}],"wp:term":[{"taxonomy":"category","embeddable":true,"href":"https:\/\/www.europesays.com\/fr\/wp-json\/wp\/v2\/categories?post=536237"},{"taxonomy":"post_tag","embeddable":true,"href":"https:\/\/www.europesays.com\/fr\/wp-json\/wp\/v2\/tags?post=536237"}],"curies":[{"name":"wp","href":"https:\/\/api.w.org\/{rel}","templated":true}]}}