{"id":536251,"date":"2025-11-15T15:36:14","date_gmt":"2025-11-15T15:36:14","guid":{"rendered":"https:\/\/www.europesays.com\/fr\/536251\/"},"modified":"2025-11-15T15:36:14","modified_gmt":"2025-11-15T15:36:14","slug":"a-marseille-envers-et-contre-tout-le-combat-dhanna-et-ali-pour-la-paix","status":"publish","type":"post","link":"https:\/\/www.europesays.com\/fr\/536251\/","title":{"rendered":"\u00e0 Marseille, envers et contre tout, le combat d&rsquo;Hanna et Ali pour la paix"},"content":{"rendered":"<p>Elle est juive, lui musulman. Elle a 35\u00a0ans, lui 53. Franco-marocaine, <a href=\"https:\/\/www.radiofrance.fr\/franceinter\/podcasts\/bistroscopie\/bistroscopie-du-samedi-08-mars-2025-1967484\" target=\"_blank\" rel=\"noopener\">Hanna Assouline vit \u00e0 Paris, r\u00e9alise des\u00a0documentaires<\/a> (R\u00e9sister pour la paix) et avait cr\u00e9\u00e9, en\u00a02022, l\u2019association Guerri\u00e8res de la paix avec des femmes juives et musulmanes. <a href=\"https:\/\/www.courrierinternational.com\/article\/interview-ali-abu-awwad-militant-palestinien-la-non-violence-est-la-seule-solution-pour-resoudre-le-conflit\" target=\"_blank\" rel=\"noopener\">Palestinien, install\u00e9 pr\u00e8s de H\u00e9bron, en Cisjordanie, Ali Abu Awwad<\/a> a pris part aux deux intifadas, \u00e9t\u00e9 emprisonn\u00e9 par Isra\u00ebl et vu l\u2019un de ses soldats tuer son fr\u00e8re, avant de cr\u00e9er, au terme d\u2019un \u00ab\u00a0voyage complexe et douloureux\u00a0\u00bb \u00ab\u00a0Taghyeer\u00a0\u00bb, un mouvement promouvant la non-violence.<\/p>\n<p>\u00ab\u00a0Se donner un horizon de solidarit\u00e9\u00a0\u00bb dans une \u00e9poque \u00ab\u00a0satur\u00e9e de haine\u00a0\u00bb\u00a0: voil\u00e0 ce qui rassemble ces deux vies, ces deux trajectoires qui n\u2019auraient pas d\u00fb se croiser et que tout pourrait opposer. L\u2019espace qu\u2019ils entendent partager n\u2019est pour autant pas celui de la \u00ab\u00a0neutralit\u00e9\u00a0\u00bb, mais celui \u00ab\u00a0d\u2019une reconnaissance\u00a0\u00bb des souffrances de l\u2019autre, de son droit \u00e0 vivre en \u00ab\u00a0souverainet\u00e9\u00a0\u00bb, pr\u00e9cisent-ils. \u00ab\u00a0Nous croyons, pour Isra\u00ebl et la Palestine, en une solution \u00e0 deux \u00c9tats.\u00a0\u00bb<\/p>\n<p>\u00ab\u00a0Puissance de la solidarit\u00e9\u00a0\u00bb<\/p>\n<p>Jeudi, ces deux militants \u00e9taient \u00e0 Marseille aux c\u00f4t\u00e9s des Guerri\u00e8res de la paix du sud de la France. L\u2019occasion d\u2019inaugurer, sur la Corniche un symbolique \u00ab\u00a0banc de la pa&#8230;<\/p>\n","protected":false},"excerpt":{"rendered":"Elle est juive, lui musulman. Elle a 35\u00a0ans, lui 53. Franco-marocaine, Hanna Assouline vit \u00e0 Paris, r\u00e9alise des\u00a0documentaires&hellip;\n","protected":false},"author":2,"featured_media":536252,"comment_status":"","ping_status":"","sticky":false,"template":"","format":"standard","meta":{"footnotes":""},"categories":[2814],"tags":[17,1111,11,3170,932,1777,674,1011,27,45917,23740,884,28052,12,13539,882,25,104],"class_list":{"0":"post-536251","1":"post","2":"type-post","3":"status-publish","4":"format-standard","5":"has-post-thumbnail","7":"category-marseille","8":"tag-17","9":"tag-actu","10":"tag-actualites","11":"tag-elle","12":"tag-est","13":"tag-eu","14":"tag-europe","15":"tag-fr","16":"tag-france","17":"tag-juive","18":"tag-lui","19":"tag-marseille","20":"tag-musulman","21":"tag-news","22":"tag-palestinien","23":"tag-provence-alpes-cote-dazur","24":"tag-republique-francaise","25":"tag-societe"},"share_on_mastodon":{"url":"https:\/\/pubeurope.com\/@fr\/115554457044393505","error":""},"_links":{"self":[{"href":"https:\/\/www.europesays.com\/fr\/wp-json\/wp\/v2\/posts\/536251","targetHints":{"allow":["GET"]}}],"collection":[{"href":"https:\/\/www.europesays.com\/fr\/wp-json\/wp\/v2\/posts"}],"about":[{"href":"https:\/\/www.europesays.com\/fr\/wp-json\/wp\/v2\/types\/post"}],"author":[{"embeddable":true,"href":"https:\/\/www.europesays.com\/fr\/wp-json\/wp\/v2\/users\/2"}],"replies":[{"embeddable":true,"href":"https:\/\/www.europesays.com\/fr\/wp-json\/wp\/v2\/comments?post=536251"}],"version-history":[{"count":0,"href":"https:\/\/www.europesays.com\/fr\/wp-json\/wp\/v2\/posts\/536251\/revisions"}],"wp:featuredmedia":[{"embeddable":true,"href":"https:\/\/www.europesays.com\/fr\/wp-json\/wp\/v2\/media\/536252"}],"wp:attachment":[{"href":"https:\/\/www.europesays.com\/fr\/wp-json\/wp\/v2\/media?parent=536251"}],"wp:term":[{"taxonomy":"category","embeddable":true,"href":"https:\/\/www.europesays.com\/fr\/wp-json\/wp\/v2\/categories?post=536251"},{"taxonomy":"post_tag","embeddable":true,"href":"https:\/\/www.europesays.com\/fr\/wp-json\/wp\/v2\/tags?post=536251"}],"curies":[{"name":"wp","href":"https:\/\/api.w.org\/{rel}","templated":true}]}}