{"id":536268,"date":"2025-11-15T15:46:18","date_gmt":"2025-11-15T15:46:18","guid":{"rendered":"https:\/\/www.europesays.com\/fr\/536268\/"},"modified":"2025-11-15T15:46:18","modified_gmt":"2025-11-15T15:46:18","slug":"qui-est-ce-mysterieux-oligarque-russe-qui-investit-toujours-en-wallonie","status":"publish","type":"post","link":"https:\/\/www.europesays.com\/fr\/536268\/","title":{"rendered":"Qui est ce \u00ab\u00a0myst\u00e9rieux\u00a0\u00bb oligarque russe qui investit toujours en Wallonie\u00a0?"},"content":{"rendered":"<p class=\"ap-StoryElement ap-StoryElement--mb ap-StoryText\">Il n&rsquo;en reste pas moins que depuis l&rsquo;invasion russe en Ukraine, ce partenariat est sous le feu des critiques. Non seulement les sites belges sont en partie entre les mains des Russes mais ils travaillent aussi presque exclusivement avec de l&rsquo;acier brut provenant de Russie. Selon l&rsquo;Ukraine, une partie de l&rsquo;acier transform\u00e9 est m\u00eame renvoy\u00e9e pour des applications militaires, bien que NLMK Belgium ait toujours ni\u00e9 cette affirmation.<\/p>\n<p><a href=\"https:\/\/www.lalibre.be\/economie\/entreprises-startup\/2025\/11\/13\/euroclear-et-actifs-russes-geles-la-face-cachee-de-la-bataille-de-bart-de-wever-QXFHP77HM5DRDEK6Q4UYVBXW3A\/\" target=\"_self\" class=\"ap-StoryInterstitialLink ap-StoryElement ap-StoryElement--mb\" rel=\"noopener\">Euroclear et actifs russes gel\u00e9s : la face cach\u00e9e de la bataille de Bart De Wever<\/a>Une p\u00e9riode de transition <\/p>\n<p class=\"ap-StoryElement ap-StoryElement--mb ap-StoryText\">La Belgique a obtenu une p\u00e9riode de transition. Le groupe a jusqu&rsquo;en 2028 pour trouver un plan B s&rsquo;il veut poursuivre ses activit\u00e9s en Europe. Le but est notamment de ne plus se fournir en Russie. Sans alternative, les deux sites belges, qui emploient 1 200 personnes, risquent de devoir fermer. Le gouvernement wallon planche actuellement sur un plan de secours, avec la construction d&rsquo;une aci\u00e9rie \u00e9lectrique \u00e0 La Louvi\u00e8re qui fonctionnerait \u00e0 partir de ferraille recycl\u00e9e localement. De quoi s&rsquo;aligner sur l&rsquo;ambition europ\u00e9enne de produire de l&rsquo;acier \u00e0 faible teneur en CO\u2082, tout en se \u00ab\u00a0d\u00e9barrassant\u00a0\u00bb des fournisseurs russes. Mais le projet co\u00fbte cher, pr\u00e8s de 1,2 milliard d&rsquo;euros, et l&rsquo;usine ne peut fonctionner que si elle a acc\u00e8s \u00ab\u00a0\u00e0 une \u00e9nergie stable et abordable.\u00a0\u00bb<\/p>\n","protected":false},"excerpt":{"rendered":"Il n&rsquo;en reste pas moins que depuis l&rsquo;invasion russe en Ukraine, ce partenariat est sous le feu des&hellip;\n","protected":false},"author":2,"featured_media":536269,"comment_status":"","ping_status":"","sticky":false,"template":"","format":"standard","meta":{"footnotes":""},"categories":[1591],"tags":[11,64154,523,34598,65570,1887,9467,12,1885,1886,132,65571],"class_list":{"0":"post-536268","1":"post","2":"type-post","3":"status-publish","4":"format-standard","5":"has-post-thumbnail","7":"category-russie","8":"tag-actualites","9":"tag-bancaire","10":"tag-banque","11":"tag-ceo","12":"tag-euroclear","13":"tag-federation-de-russie","14":"tag-finances","15":"tag-news","16":"tag-russia","17":"tag-russian-federation","18":"tag-russie","19":"tag-valerie-urbain"},"share_on_mastodon":{"url":"https:\/\/pubeurope.com\/@fr\/115554496333386918","error":""},"_links":{"self":[{"href":"https:\/\/www.europesays.com\/fr\/wp-json\/wp\/v2\/posts\/536268","targetHints":{"allow":["GET"]}}],"collection":[{"href":"https:\/\/www.europesays.com\/fr\/wp-json\/wp\/v2\/posts"}],"about":[{"href":"https:\/\/www.europesays.com\/fr\/wp-json\/wp\/v2\/types\/post"}],"author":[{"embeddable":true,"href":"https:\/\/www.europesays.com\/fr\/wp-json\/wp\/v2\/users\/2"}],"replies":[{"embeddable":true,"href":"https:\/\/www.europesays.com\/fr\/wp-json\/wp\/v2\/comments?post=536268"}],"version-history":[{"count":0,"href":"https:\/\/www.europesays.com\/fr\/wp-json\/wp\/v2\/posts\/536268\/revisions"}],"wp:featuredmedia":[{"embeddable":true,"href":"https:\/\/www.europesays.com\/fr\/wp-json\/wp\/v2\/media\/536269"}],"wp:attachment":[{"href":"https:\/\/www.europesays.com\/fr\/wp-json\/wp\/v2\/media?parent=536268"}],"wp:term":[{"taxonomy":"category","embeddable":true,"href":"https:\/\/www.europesays.com\/fr\/wp-json\/wp\/v2\/categories?post=536268"},{"taxonomy":"post_tag","embeddable":true,"href":"https:\/\/www.europesays.com\/fr\/wp-json\/wp\/v2\/tags?post=536268"}],"curies":[{"name":"wp","href":"https:\/\/api.w.org\/{rel}","templated":true}]}}