{"id":536270,"date":"2025-11-15T15:47:13","date_gmt":"2025-11-15T15:47:13","guid":{"rendered":"https:\/\/www.europesays.com\/fr\/536270\/"},"modified":"2025-11-15T15:47:13","modified_gmt":"2025-11-15T15:47:13","slug":"guerre-en-ukraine-apres-pokrovsk-la-menace-setend-a-dautres-villes-et-promet-un-hiver-a-risque-pour-la-population","status":"publish","type":"post","link":"https:\/\/www.europesays.com\/fr\/536270\/","title":{"rendered":"Guerre en Ukraine\u00a0: apr\u00e8s Pokrovsk, la menace s\u2019\u00e9tend \u00e0 d\u2019autres villes et promet un hiver \u00e0 risque pour la population"},"content":{"rendered":"<p>Pokrovsk va-t-elle pouvoir encore tenir\u00a0longtemps\u00a0? <a href=\"https:\/\/www.humanite.fr\/monde\/donbass\/guerre-en-ukraine-la-chute-de-pokrovsk-a-t-elle-debute\" data-type=\"post\" data-id=\"3291815\" target=\"_blank\" rel=\"noopener\">La ville qui se trouve dans la r\u00e9gion de Donetsk<\/a> dans l\u2019est de l\u2019Ukraine doit faire face \u00e0 une progression de l\u2019arm\u00e9e russe. Apr\u00e8s des mois de combats, la strat\u00e9gie de prise en tenaille de l\u2019agglom\u00e9ration Pokrovsk-Myrnohrad arrive \u00e0 son terme alors que l\u2019essentiel des 60\u00a0000 habitants pr\u00e9sents avant l\u2019invasion russe en 2022 ont pu fuir. \u00ab\u00a0Nous ne contr\u00f4lons plus que quelques quartiers. C\u2019est extr\u00eamement inqui\u00e9tant\u00a0\u00bb, constate un militaire ukrainien.<\/p>\n<p>Moscou a fait de ce n\u0153ud logistique et strat\u00e9gique un objectif depuis la prise d\u2019Avdiivka en f\u00e9vrier 2024, qui se trouve 30 kilom\u00e8tres plus \u00e0 l\u2019est. La perte de cette place forte ukrainienne pourrait avoir un impact sur cette partie du front et sa ligne de d\u00e9fense. Au terme d\u2019une visite dans le secteur, le commandant en chef Oleksandr Syrsky a affirm\u00e9 sur Telegram\u00a0: \u00ab\u00a0Il n\u2019est pas question d\u2019un contr\u00f4le russe sur la ville de Pokrovsk ni d\u2019un encerclement op\u00e9rationnel du groupe&#8230;<\/p>\n","protected":false},"excerpt":{"rendered":"Pokrovsk va-t-elle pouvoir encore tenir\u00a0longtemps\u00a0? La ville qui se trouve dans la r\u00e9gion de Donetsk dans l\u2019est de&hellip;\n","protected":false},"author":2,"featured_media":536271,"comment_status":"","ping_status":"","sticky":false,"template":"","format":"standard","meta":{"footnotes":""},"categories":[1590],"tags":[11,8998,29539,1777,674,131,12,220,134],"class_list":{"0":"post-536270","1":"post","2":"type-post","3":"status-publish","4":"format-standard","5":"has-post-thumbnail","7":"category-ukraine","8":"tag-actualites","9":"tag-donbass","10":"tag-donetsk","11":"tag-eu","12":"tag-europe","13":"tag-guerre-en-ukraine","14":"tag-news","15":"tag-ukraine","16":"tag-volodymyr-zelensky"},"share_on_mastodon":{"url":"https:\/\/pubeurope.com\/@fr\/115554500379451033","error":""},"_links":{"self":[{"href":"https:\/\/www.europesays.com\/fr\/wp-json\/wp\/v2\/posts\/536270","targetHints":{"allow":["GET"]}}],"collection":[{"href":"https:\/\/www.europesays.com\/fr\/wp-json\/wp\/v2\/posts"}],"about":[{"href":"https:\/\/www.europesays.com\/fr\/wp-json\/wp\/v2\/types\/post"}],"author":[{"embeddable":true,"href":"https:\/\/www.europesays.com\/fr\/wp-json\/wp\/v2\/users\/2"}],"replies":[{"embeddable":true,"href":"https:\/\/www.europesays.com\/fr\/wp-json\/wp\/v2\/comments?post=536270"}],"version-history":[{"count":0,"href":"https:\/\/www.europesays.com\/fr\/wp-json\/wp\/v2\/posts\/536270\/revisions"}],"wp:featuredmedia":[{"embeddable":true,"href":"https:\/\/www.europesays.com\/fr\/wp-json\/wp\/v2\/media\/536271"}],"wp:attachment":[{"href":"https:\/\/www.europesays.com\/fr\/wp-json\/wp\/v2\/media?parent=536270"}],"wp:term":[{"taxonomy":"category","embeddable":true,"href":"https:\/\/www.europesays.com\/fr\/wp-json\/wp\/v2\/categories?post=536270"},{"taxonomy":"post_tag","embeddable":true,"href":"https:\/\/www.europesays.com\/fr\/wp-json\/wp\/v2\/tags?post=536270"}],"curies":[{"name":"wp","href":"https:\/\/api.w.org\/{rel}","templated":true}]}}