{"id":536272,"date":"2025-11-15T15:48:16","date_gmt":"2025-11-15T15:48:16","guid":{"rendered":"https:\/\/www.europesays.com\/fr\/536272\/"},"modified":"2025-11-15T15:48:16","modified_gmt":"2025-11-15T15:48:16","slug":"une-grande-avancee-aux-etats-unis-pour-la-filiale-de-google","status":"publish","type":"post","link":"https:\/\/www.europesays.com\/fr\/536272\/","title":{"rendered":"une grande avanc\u00e9e aux \u00c9tats-Unis pour la filiale de Google"},"content":{"rendered":"<p><a href=\"https:\/\/cdn.automobile-propre.com\/uploads\/2025\/05\/waymo-one-la-1.jpg\" class=\"gallery-image\" rel=\"nofollow noopener\" target=\"_blank\"><img alt=\"\" data-content=\"image\" fetchpriority=\"high\" width=\"1200\" height=\"800\" decoding=\"async\" data-nimg=\"1\" class=\"max-w-full rounded-xl\" style=\"color:transparent\"  src=\"https:\/\/www.europesays.com\/fr\/wp-content\/uploads\/2025\/11\/waymo-one-la-1.jpg\"\/><\/a><\/p>\n<p class=\"font-display text-xl font-semibold leading-7 md:text-2xl md:leading-8\" data-content=\"paragraph\" data-block=\"chapo\">Les taxis autonomes de Waymo sont d\u00e9sormais autoris\u00e9s \u00e0 rouler sur l\u2019autoroute aux \u00c9tats-Unis. Ils n\u2019avaient jusqu\u2019\u00e0 pr\u00e9sent pas le droit d\u2019emprunter les voies rapides, c\u2019est donc une avanc\u00e9e importante dans le domaine de la conduite autonome.<\/p>\n<p class=\"block-paragraph font-body text-foreground-text-primary mb-3 text-base leading-6 md:text-lg md:leading-7\" data-content=\"paragraph\" data-block=\"paragraph\">Waymo, filiale d\u2019Alphabet, la maison m\u00e8re de Google, vient de franchir une \u00e9tape symbolique. Les taxis autonomes de l\u2019entreprise sont d\u00e9sormais autoris\u00e9s \u00e0 circuler sur les autoroutes am\u00e9ricaines. Cette \u00e9volution concerne d\u2019abord les r\u00e9gions de San Francisco, Los Angeles et Phoenix avant une extension \u00e0 Austin et Atlanta. L\u00e0-bas, les v\u00e9hicules sans conducteur pourront d\u00e9sormais rouler sur les voies rapides aux c\u00f4t\u00e9s du trafic classique.<\/p>\n<p>Des taxis autonomes sur l\u2019autoroute<\/p>\n<p class=\"block-paragraph font-body text-foreground-text-primary mb-3 text-base leading-6 md:text-lg md:leading-7\" data-content=\"paragraph\" data-block=\"paragraph\">Jusqu\u2019\u00e0 pr\u00e9sent, les robotaxis de <a href=\"https:\/\/www.automobile-propre.com\/tag\/waymo\/\" rel=\"nofollow noopener\" target=\"_blank\">Waymo<\/a> \u00e9taient cantonn\u00e9s aux rues urbaines, ce qui limitait les trajets \u00e0 quelques kilom\u00e8tres. L\u2019ouverture des autoroutes va leur permettre d\u2019effectuer des parcours plus longs, par exemple entre le centre de San Francisco et l\u2019a\u00e9roport de San Jose. Voil\u00e0 qui va rendre le service plus comp\u00e9titif face aux alternatives traditionnelles, et renforcer la cr\u00e9dibilit\u00e9 du transport autonome aux \u00c9tats-Unis.<\/p>\n<p><a data-block=\"readMoreBlock\" data-content=\"paragraph\" href=\"https:\/\/www.automobile-propre.com\/breves\/les-taxis-autonomes-de-waymo-arrivent-en-europe-devinez-dans-quel-pays\/\" class=\"group relative flex flex-col rounded-lg md:px-8\" rel=\"nofollow noopener\" target=\"_blank\">\u00c0 lire aussi<img alt=\"\" loading=\"lazy\" width=\"156\" height=\"97\" decoding=\"async\" data-nimg=\"1\" class=\"aspect-[16\/10] max-h-[78px] min-h-[78px] w-full min-w-[126px] max-w-[126px] rounded-lg object-cover md:max-h-[97px] md:min-h-[97px] md:min-w-[156px] md:max-w-[156px]\" style=\"color:transparent\"  src=\"https:\/\/www.europesays.com\/fr\/wp-content\/uploads\/2025\/11\/1763221696_101_\"\/>Les taxis autonomes de Waymo arrivent en Europe, devinez dans quel pays ?<\/a><\/p>\n<p class=\"block-paragraph font-body text-foreground-text-primary mb-3 text-base leading-6 md:text-lg md:leading-7\" data-content=\"paragraph\" data-block=\"paragraph\">Mais cette avanc\u00e9e pose \u00e9galement des d\u00e9fis techniques et s\u00e9curitaires. La conduite \u00e0 grande vitesse exige une pr\u00e9cision extr\u00eame dans la d\u00e9tection des v\u00e9hicules, la gestion des distances et l\u2019anticipation des comportements. Waymo assure avoir intensifi\u00e9 ses tests et renforc\u00e9 ses protocoles de s\u00e9curit\u00e9, notamment en collaboration avec les autorit\u00e9s locales.<\/p>\n<p class=\"block-paragraph font-body text-foreground-text-primary mb-3 text-base leading-6 md:text-lg md:leading-7\" data-content=\"paragraph\" data-block=\"paragraph\">Sur un march\u00e9 o\u00f9 la concurrence se renforce, notamment face \u00e0 Tesla et Cruise, Waymo prend une longueur d\u2019avance. Un petit pas de plus vers la g\u00e9n\u00e9ralisation des taxis autonomes.<\/p>\n","protected":false},"excerpt":{"rendered":"Les taxis autonomes de Waymo sont d\u00e9sormais autoris\u00e9s \u00e0 rouler sur l\u2019autoroute aux \u00c9tats-Unis. Ils n\u2019avaient jusqu\u2019\u00e0 pr\u00e9sent&hellip;\n","protected":false},"author":2,"featured_media":536273,"comment_status":"","ping_status":"","sticky":false,"template":"","format":"standard","meta":{"footnotes":""},"categories":[1589],"tags":[11,73,1866,12,1864,1865,1863,308],"class_list":{"0":"post-536272","1":"post","2":"type-post","3":"status-publish","4":"format-standard","5":"has-post-thumbnail","7":"category-etats-unis","8":"tag-actualites","9":"tag-etats-unis","10":"tag-etats-unis-damerique","11":"tag-news","12":"tag-united-states","13":"tag-united-states-of-america","14":"tag-us","15":"tag-usa"},"share_on_mastodon":{"url":"https:\/\/pubeurope.com\/@fr\/115554505104330266","error":""},"_links":{"self":[{"href":"https:\/\/www.europesays.com\/fr\/wp-json\/wp\/v2\/posts\/536272","targetHints":{"allow":["GET"]}}],"collection":[{"href":"https:\/\/www.europesays.com\/fr\/wp-json\/wp\/v2\/posts"}],"about":[{"href":"https:\/\/www.europesays.com\/fr\/wp-json\/wp\/v2\/types\/post"}],"author":[{"embeddable":true,"href":"https:\/\/www.europesays.com\/fr\/wp-json\/wp\/v2\/users\/2"}],"replies":[{"embeddable":true,"href":"https:\/\/www.europesays.com\/fr\/wp-json\/wp\/v2\/comments?post=536272"}],"version-history":[{"count":0,"href":"https:\/\/www.europesays.com\/fr\/wp-json\/wp\/v2\/posts\/536272\/revisions"}],"wp:featuredmedia":[{"embeddable":true,"href":"https:\/\/www.europesays.com\/fr\/wp-json\/wp\/v2\/media\/536273"}],"wp:attachment":[{"href":"https:\/\/www.europesays.com\/fr\/wp-json\/wp\/v2\/media?parent=536272"}],"wp:term":[{"taxonomy":"category","embeddable":true,"href":"https:\/\/www.europesays.com\/fr\/wp-json\/wp\/v2\/categories?post=536272"},{"taxonomy":"post_tag","embeddable":true,"href":"https:\/\/www.europesays.com\/fr\/wp-json\/wp\/v2\/tags?post=536272"}],"curies":[{"name":"wp","href":"https:\/\/api.w.org\/{rel}","templated":true}]}}