{"id":536274,"date":"2025-11-15T15:49:12","date_gmt":"2025-11-15T15:49:12","guid":{"rendered":"https:\/\/www.europesays.com\/fr\/536274\/"},"modified":"2025-11-15T15:49:12","modified_gmt":"2025-11-15T15:49:12","slug":"maisons-rues-magasins-inondes-la-tempete-claudia-secoue-le-royaume-uni","status":"publish","type":"post","link":"https:\/\/www.europesays.com\/fr\/536274\/","title":{"rendered":"Maisons, rues, magasins inond\u00e9s\u2026 la temp\u00eate Claudia secoue le Royaume-Uni"},"content":{"rendered":"<p>La temp\u00eate Claudia s\u2019est abattue sur le Royaume-Uni avec une violence inattendue, transformant des villes enti\u00e8res en paysages submerg\u00e9s. \u00c0 Monmouth, au pays de Galles, les habitants se sont r\u00e9veill\u00e9s, samedi matin, coup\u00e9s du monde, certains contraints de se d\u00e9placer gr\u00e2ce \u00e0 des embarcations de fortune dans les rues rendues m\u00e9connaissables. Les pompiers du South Wales Fire and Rescue ont d\u00e9clar\u00e9 un \u00ab\u00a0incident majeur\u00a0\u00bb au c\u0153ur de la nuit, mobilisant policiers, secours en montagne, garde-c\u00f4tes et services ambulanciers pour mener \u00e9vacuations, sauvetages et contr\u00f4les de s\u00e9curit\u00e9.<\/p>\n<p>\u00ab\u00a0C\u2019est un incident de grande ampleur, et nos \u00e9quipes travaillent sans rel\u00e2che dans des conditions tr\u00e8s difficiles\u00a0\u00bb, a alert\u00e9 Matt Jones, responsable de la zone, <a href=\"https:\/\/www.theguardian.com\/uk-news\/2025\/nov\/15\/maybe-storm-claudia-england-weather-major-incident-flooding\" rel=\"nofollow noopener\" target=\"_blank\">cit\u00e9 par le \u00ab\u00a0Guardian\u00a0\u00bb<\/a>, \u00e9voquant des eaux rapides, des routes bloqu\u00e9es et une pression extr\u00eame sur les infrastructures. Il a appel\u00e9 la population \u00e0 \u00e9viter totalement la zone afin de permettre aux secours de circuler, rappelant que les inondations repr\u00e9sentent un \u00ab\u00a0risque significatif pour la vie\u00a0\u00bb et que toute personne en danger doit appeler imm\u00e9diatement les services d\u2019urgence.<\/p>\n<p>    La suite apr\u00e8s cette publicit\u00e9<\/p>\n<p>    La suite apr\u00e8s cette publicit\u00e9<\/p>\n<p>Apr\u00e8s la temp\u00eate, le froid<\/p>\n<p>Au moment o\u00f9 l\u2019alerte maximale a \u00e9t\u00e9 d\u00e9clench\u00e9e, quatre avertissements d\u2019inondation s\u00e9v\u00e8re \u00e9taient en vigueur au pays de Galles, tandis que plusieurs r\u00e9gions d\u2019Angleterre, d\u2019Irlande du Nord et d\u2019Irlande subissaient encore de fortes pluies. Les coupures de courant se sont multipli\u00e9es sur la c\u00f4te est irlandaise et de nombreuses routes sont rest\u00e9es impraticables. Les services ferroviaires ont \u00e9t\u00e9 touch\u00e9s eux aussi, contraignant les voyageurs \u00e0 v\u00e9rifier leurs trajets face aux annulations en cascade.<\/p>\n<p>Et si le vent et la pluie se calment, le r\u00e9pit sera de courte dur\u00e9e\u00a0: une masse d\u2019air arctique descend sur les \u00eeles britanniques. Selon la m\u00e9t\u00e9orologue Honor Criswick, les vents vont pivoter vers le nord, laissant place \u00e0 un ciel plus clair mais \u00e0 un froid brutal, ressenti d\u00e8s dimanche.<\/p>\n<p>    La suite apr\u00e8s cette publicit\u00e9<\/p>\n<p>    La suite apr\u00e8s cette publicit\u00e9<\/p>\n<p class=\"not-prose\">\u00a0<\/p>\n","protected":false},"excerpt":{"rendered":"La temp\u00eate Claudia s\u2019est abattue sur le Royaume-Uni avec une violence inattendue, transformant des villes enti\u00e8res en paysages&hellip;\n","protected":false},"author":2,"featured_media":536275,"comment_status":"","ping_status":"","sticky":false,"template":"","format":"standard","meta":{"footnotes":""},"categories":[1588],"tags":[11,1777,674,12,473,1853,1851,1850,1852],"class_list":{"0":"post-536274","1":"post","2":"type-post","3":"status-publish","4":"format-standard","5":"has-post-thumbnail","7":"category-royaume-uni","8":"tag-actualites","9":"tag-eu","10":"tag-europe","11":"tag-news","12":"tag-royaume-uni","13":"tag-royaume-uni-de-grande-bretagne-et-dirlande-du-nord","14":"tag-uk","15":"tag-united-kingdom","16":"tag-united-kingdom-of-great-britain-and-northern-ireland"},"share_on_mastodon":{"url":"https:\/\/pubeurope.com\/@fr\/115554508104772973","error":""},"_links":{"self":[{"href":"https:\/\/www.europesays.com\/fr\/wp-json\/wp\/v2\/posts\/536274","targetHints":{"allow":["GET"]}}],"collection":[{"href":"https:\/\/www.europesays.com\/fr\/wp-json\/wp\/v2\/posts"}],"about":[{"href":"https:\/\/www.europesays.com\/fr\/wp-json\/wp\/v2\/types\/post"}],"author":[{"embeddable":true,"href":"https:\/\/www.europesays.com\/fr\/wp-json\/wp\/v2\/users\/2"}],"replies":[{"embeddable":true,"href":"https:\/\/www.europesays.com\/fr\/wp-json\/wp\/v2\/comments?post=536274"}],"version-history":[{"count":0,"href":"https:\/\/www.europesays.com\/fr\/wp-json\/wp\/v2\/posts\/536274\/revisions"}],"wp:featuredmedia":[{"embeddable":true,"href":"https:\/\/www.europesays.com\/fr\/wp-json\/wp\/v2\/media\/536275"}],"wp:attachment":[{"href":"https:\/\/www.europesays.com\/fr\/wp-json\/wp\/v2\/media?parent=536274"}],"wp:term":[{"taxonomy":"category","embeddable":true,"href":"https:\/\/www.europesays.com\/fr\/wp-json\/wp\/v2\/categories?post=536274"},{"taxonomy":"post_tag","embeddable":true,"href":"https:\/\/www.europesays.com\/fr\/wp-json\/wp\/v2\/tags?post=536274"}],"curies":[{"name":"wp","href":"https:\/\/api.w.org\/{rel}","templated":true}]}}