{"id":536276,"date":"2025-11-15T15:50:14","date_gmt":"2025-11-15T15:50:14","guid":{"rendered":"https:\/\/www.europesays.com\/fr\/536276\/"},"modified":"2025-11-15T15:50:14","modified_gmt":"2025-11-15T15:50:14","slug":"brunner-claque-un-triple-avec-lallemagne-u20","status":"publish","type":"post","link":"https:\/\/www.europesays.com\/fr\/536276\/","title":{"rendered":"Brunner claque un tripl\u00e9 avec l\u2019Allemagne U20"},"content":{"rendered":"<p>Paris Brunner est d\u00e9cid\u00e9ment transform\u00e9 lorsqu\u2019il rejoint les rangs de la s\u00e9lection. Apr\u00e8s une tr\u00eave de septembre tr\u00e8s r\u00e9ussie avec l\u2019Allemagne U20, o\u00f9 il avait inscrit trois buts, l\u2019attaquant de l\u2019AS Monaco a r\u00e9alis\u00e9 un coup du chapeau cette fois, face \u00e0 la Roumanie (6-0), lors d\u2019une rencontre de la Ligue \u00c9lite. L\u2019ancien du Borussia Dortmund a ouvert le score tr\u00e8s t\u00f4t dans la rencontre (7e), avant de signer ses deux autres buts en fin de premi\u00e8re p\u00e9riode (35e, 43e).<\/p>\n<p>Un tripl\u00e9 qui devrait faire beaucoup de bien au moral du jeune joueur de 19 ans, lui qui n\u2019a jamais \u00e9t\u00e9 convoqu\u00e9 par S\u00e9bastien Pocognoli depuis son arriv\u00e9e sur le banc, puisqu\u2019il lui a notamment pr\u00e9f\u00e9r\u00e9 Lucas Michal.<\/p>\n<p>Lundi, les Allemands affronteront l\u2019Italie en amical.<\/p>\n","protected":false},"excerpt":{"rendered":"Paris Brunner est d\u00e9cid\u00e9ment transform\u00e9 lorsqu\u2019il rejoint les rangs de la s\u00e9lection. Apr\u00e8s une tr\u00eave de septembre tr\u00e8s&hellip;\n","protected":false},"author":2,"featured_media":536277,"comment_status":"","ping_status":"","sticky":false,"template":"","format":"standard","meta":{"footnotes":""},"categories":[1587],"tags":[11,672,1804,1805,1803,1777,674,1801,12,1802],"class_list":{"0":"post-536276","1":"post","2":"type-post","3":"status-publish","4":"format-standard","5":"has-post-thumbnail","7":"category-allemagne","8":"tag-actualites","9":"tag-allemagne","10":"tag-bundesrepublik-deutschland","11":"tag-de","12":"tag-deutschland","13":"tag-eu","14":"tag-europe","15":"tag-germany","16":"tag-news","17":"tag-republique-federale-dallemagne"},"share_on_mastodon":{"url":"https:\/\/pubeurope.com\/@fr\/115554512123765435","error":""},"_links":{"self":[{"href":"https:\/\/www.europesays.com\/fr\/wp-json\/wp\/v2\/posts\/536276","targetHints":{"allow":["GET"]}}],"collection":[{"href":"https:\/\/www.europesays.com\/fr\/wp-json\/wp\/v2\/posts"}],"about":[{"href":"https:\/\/www.europesays.com\/fr\/wp-json\/wp\/v2\/types\/post"}],"author":[{"embeddable":true,"href":"https:\/\/www.europesays.com\/fr\/wp-json\/wp\/v2\/users\/2"}],"replies":[{"embeddable":true,"href":"https:\/\/www.europesays.com\/fr\/wp-json\/wp\/v2\/comments?post=536276"}],"version-history":[{"count":0,"href":"https:\/\/www.europesays.com\/fr\/wp-json\/wp\/v2\/posts\/536276\/revisions"}],"wp:featuredmedia":[{"embeddable":true,"href":"https:\/\/www.europesays.com\/fr\/wp-json\/wp\/v2\/media\/536277"}],"wp:attachment":[{"href":"https:\/\/www.europesays.com\/fr\/wp-json\/wp\/v2\/media?parent=536276"}],"wp:term":[{"taxonomy":"category","embeddable":true,"href":"https:\/\/www.europesays.com\/fr\/wp-json\/wp\/v2\/categories?post=536276"},{"taxonomy":"post_tag","embeddable":true,"href":"https:\/\/www.europesays.com\/fr\/wp-json\/wp\/v2\/tags?post=536276"}],"curies":[{"name":"wp","href":"https:\/\/api.w.org\/{rel}","templated":true}]}}