{"id":536292,"date":"2025-11-15T16:03:15","date_gmt":"2025-11-15T16:03:15","guid":{"rendered":"https:\/\/www.europesays.com\/fr\/536292\/"},"modified":"2025-11-15T16:03:15","modified_gmt":"2025-11-15T16:03:15","slug":"cc-coupe-de-france-quelneuc-elite-u23-femmes-1-classement-actualite","status":"publish","type":"post","link":"https:\/\/www.europesays.com\/fr\/536292\/","title":{"rendered":"CC &#8211; Coupe de France &#8211; Quelneuc &#8211; \u00c9lite &#038; U23 Femmes #1 : Classement &#8211; Actualit\u00e9"},"content":{"rendered":"<p>                                                                    <img decoding=\"async\" src=\"https:\/\/www.europesays.com\/fr\/wp-content\/uploads\/2025\/11\/69188ba45fd35.jpg\" height=\"auto\" loading=\"lazy\"\/><br \/>\n                                                                    Cr\u00e9dit photo Freddy Gu\u00e9rin \/ DirectVelo<\/p>\n<p class=\"images-caption\">Cr\u00e9dit photo Freddy Gu\u00e9rin \/ DirectVelo<\/p>\n<p class=\"metadata\">\n            Par<br \/>\n        <strong class=\"text-black\">DOMINIQUE TURGIS<\/strong><br \/>\n                    <br \/>Le<br \/>\n    15 novembre 2025, 15:15<\/p>\n<p style=\"text-align: justify;\">Amandine Muller (AS Bike Racing-France Literie) a remport\u00e9, ce samedi, \u00e0 Quelneuc-Carentoir (Morbihan), la troisi\u00e8me manche de la Coupe de France \u00c9lite &amp; U23 Femmes de cyclo-cross. Elle a devanc\u00e9\u00a0Ana\u00efs Morichon (Team Guevel Roadborn) et Camille Devigne (CJ O&rsquo;Shea Racing Team).<\/p>\n<p><strong>Classement :<br \/><\/strong>1. MULLER Amandine AS BIKE RACING \/ FRANCE LITERIE en 50&rsquo;44\u00a0\u00bb<br \/>2. MORICHON Ana\u00efs TEAM GUEVEL ROADBORN \u00e0 01&rsquo;11\u00a0\u00bb<br \/>3. DEVIGNE Camille EC WAMBRECHIES MARQUETTE LILLE \u00e0 02&rsquo;14\u00a0\u00bb<br \/>4. VIDON Amandine VELO CLUB D&rsquo;AMBERIEU \u00e0 02&rsquo;15\u00a0\u00bb<br \/>5. CORABOEUF L\u00e9a AC LANESTER 56 \u00e0 03&rsquo;57\u00a0\u00bb<br \/>6. DESPREZ Lison ACT CYCLING \u00e0 04&rsquo;10\u00a0\u00bb<br \/>7. KLAES Lise U.V.C.A TROYES \u00e0 04&rsquo;17\u00a0\u00bb<br \/>8. PORLIER Roxanne PARISIS A.C. 95 \u00e0 04&rsquo;25\u00a0\u00bb<br \/>9. MOISSONNIER Marie LYON SPRINT EVOLUTION \u00e0 04&rsquo;32\u00a0\u00bb<br \/>10. HURTELOUP Ad\u00e8le RETZ BIKE CLUB \u00e0 04&rsquo;49\u00a0\u00bb<br \/>11. GARNIER No\u00e9mie TEAM GUEVEL ROADBORN \u00e0 05&rsquo;27\u00a0\u00bb<br \/>12. WEINGARTEN Audrey TEAM CX CHARTRES \u00e0 05&rsquo;50\u00a0\u00bb<br \/>13. BONNIN No\u00e9mie US VERN CYCLISME \u00e0 06&rsquo;02\u00a0\u00bb<br \/>14. RIGAUX Aliz\u00e9e TEAM SPRINT ENERGY \u00e0 06&rsquo;06\u00a0\u00bb<br \/>15. LALANNE Johanna TEAM CROSS TECHNO CONCEPT URBALOC \u00e0 06&rsquo;09\u00a0\u00bb<br \/>16. ROGER Hugoline BRIOUZE CYCLISME COMPETITION \u00e0 06&rsquo;33\u00a0\u00bb<br \/>17. VALADE Alexandra VC ELANCOURT ST QUENTIN EN YVELINES TEAM VOUSSERT \u00e0 06&rsquo;42\u00a0\u00bb<br \/>18. TRITZ Mathilde C.S. CHAMONIX VTT \u00e0 07&rsquo;11\u00a0\u00bb<br \/>19. CHESNEAU Romane VC ELANCOURT ST QUENTIN EN YVELINES TEAM VOUSSERT \u00e0 07&rsquo;27\u00a0\u00bb<br \/>20. LISABOIS Lola CYCLO CLUB DU MADIRANAIS \u00e0 07&rsquo;37\u00a0\u00bb<br \/>21. ADAM Lucie CC VILLENEUVE ST GERMAIN SOISSONS AISNE\u00a0 \u00a0\u00bb\u00a0<br \/>22. JOUAULT Ambre CC VITREEN \u00e0 08&rsquo;18\u00a0\u00bb<br \/>23. MORICEAU Clarisse DURTAL VELO SPORT \u00e0 09&rsquo;25\u00a0\u00bb<br \/>24. BRAMOULLE Pauline UC ALENCON DAMIGNY \u00e0 10&rsquo;15\u00a0\u00bb<br \/>25. LE BRAS Justine VC ELANCOURT ST QUENTIN EN YVELINES TEAM VOUSSERT \u00e0 10&rsquo;23\u00a0\u00bb<br \/>26. REHM Coralie UC HAGUENAU CYCLO-CROSS \u00e0 10&rsquo;29\u00a0\u00bb<br \/>27. POTTIER Camille VC DE L&rsquo;EVRON COETMIEUX \u00e0 10&rsquo;37\u00a0\u00bb<br \/>28. LIBOREAU Manon TEAM CROSS TECHNO CONCEPT URBALOC \u00e0 11&rsquo;01\u00a0\u00bb<br \/>29. FROUARD Diane CC MARMANDAIS \u00e0 11&rsquo;16\u00a0\u00bb<br \/>30. YANNIC Tifenn EC LANDERNEAU \u00e0 11&rsquo;55\u00a0\u00bb<br \/>31. LECOQ Aliz\u00e9a LE MANS SARTHE VELO \u00e0 12&rsquo;02\u00a0\u00bb<br \/>32. GAFFE Cassandra PARISIS A.C. 95 \u00e0 12&rsquo;34\u00a0\u00bb<br \/>33. FAVREAU Pauline US ST PIERRE DES CORPS \u00e0 1 Tr<br \/>34. REYNIER Romane U.V.C.A TROYES \u00e0 1 Tr<br \/>35. VERDIER Juliette TEAM CX CHARTRES \u00e0 1 Tr<br \/>36. BRAMOULLE Manon UC ALENCON DAMIGNY \u00e0 1 Tr<br \/>37. BONNELLIER CARON Elsa AS TREPORT CYCLISME \u00e0 1 Tr<br \/>38. LE COUEDIC HENIN No\u00e9mie VC PAYS DE LOUDEAC \u00e0 1 Tr<br \/>39. BERGHEAUD Ma\u00eblys TEAM CYCLISTE LINAS MONTLHERY \u00e0 1 Tr<br \/>40. MENANT Yulizh EC LANDERNEAU \u00e0 1 Tr<\/p>\n<p><strong>Abandons :<\/strong><br \/>MOULIN Ana\u00efs U.C. ALBENASSIENNE<br \/>ALMANSA Carla TEAM CROSS TECHNO CONCEPT URBALOC<br \/>LANDRIN ZEBERT Flavie VC COMMUNAUTAIRE HETTANGE<\/p>\n<p>            En savoir plus : coureurs et \u00e9quipes associ\u00e9s<\/p>\n<p>                Coureurs<\/p>\n<p>                    <img decoding=\"async\" src=\"https:\/\/www.europesays.com\/fr\/wp-content\/uploads\/2025\/11\/6784f9fe05e15.png\" height=\"auto\" loading=\"lazy\"\/><\/p>\n<p>                            Portrait de Amandine MULLER<\/p>\n<p>                \u00c9quipes<\/p>\n","protected":false},"excerpt":{"rendered":"Cr\u00e9dit photo Freddy Gu\u00e9rin \/ DirectVelo Cr\u00e9dit photo Freddy Gu\u00e9rin \/ DirectVelo Par DOMINIQUE TURGIS Le 15 novembre&hellip;\n","protected":false},"author":2,"featured_media":536293,"comment_status":"","ping_status":"","sticky":false,"template":"","format":"standard","meta":{"footnotes":""},"categories":[1411],"tags":[834,828,836,829,837,827,83,826,824,823,1154,207,814,817,815,816,822,821,832,211,839,1011,27,820,818,819,835,831,830,833,838,60,212,208,825],"class_list":{"0":"post-536292","1":"post","2":"type-post","3":"status-publish","4":"format-standard","5":"has-post-thumbnail","7":"category-cyclisme","8":"tag-attaque","9":"tag-belgique","10":"tag-braquet","11":"tag-bretagne","12":"tag-chute","13":"tag-competition","14":"tag-coupe-de-france","15":"tag-coureur","16":"tag-course-cyclisme","17":"tag-course-cycliste","18":"tag-cycling","19":"tag-cyclisme","20":"tag-direct","21":"tag-direct-velo","22":"tag-directvelo","23":"tag-directvelo-com","24":"tag-epreuve","25":"tag-epreuve-cycliste","26":"tag-federation-francaise-de-cyclisme","27":"tag-ffc","28":"tag-flandres","29":"tag-fr","30":"tag-france","31":"tag-live","32":"tag-live-course","33":"tag-live-epreuve","34":"tag-peloton","35":"tag-radio-peloton","36":"tag-radio-tour","37":"tag-ravitaillement","38":"tag-relance","39":"tag-sports","40":"tag-uci","41":"tag-velo","42":"tag-velos"},"share_on_mastodon":{"url":"https:\/\/pubeurope.com\/@fr\/115554564044465331","error":""},"_links":{"self":[{"href":"https:\/\/www.europesays.com\/fr\/wp-json\/wp\/v2\/posts\/536292","targetHints":{"allow":["GET"]}}],"collection":[{"href":"https:\/\/www.europesays.com\/fr\/wp-json\/wp\/v2\/posts"}],"about":[{"href":"https:\/\/www.europesays.com\/fr\/wp-json\/wp\/v2\/types\/post"}],"author":[{"embeddable":true,"href":"https:\/\/www.europesays.com\/fr\/wp-json\/wp\/v2\/users\/2"}],"replies":[{"embeddable":true,"href":"https:\/\/www.europesays.com\/fr\/wp-json\/wp\/v2\/comments?post=536292"}],"version-history":[{"count":0,"href":"https:\/\/www.europesays.com\/fr\/wp-json\/wp\/v2\/posts\/536292\/revisions"}],"wp:featuredmedia":[{"embeddable":true,"href":"https:\/\/www.europesays.com\/fr\/wp-json\/wp\/v2\/media\/536293"}],"wp:attachment":[{"href":"https:\/\/www.europesays.com\/fr\/wp-json\/wp\/v2\/media?parent=536292"}],"wp:term":[{"taxonomy":"category","embeddable":true,"href":"https:\/\/www.europesays.com\/fr\/wp-json\/wp\/v2\/categories?post=536292"},{"taxonomy":"post_tag","embeddable":true,"href":"https:\/\/www.europesays.com\/fr\/wp-json\/wp\/v2\/tags?post=536292"}],"curies":[{"name":"wp","href":"https:\/\/api.w.org\/{rel}","templated":true}]}}