{"id":536316,"date":"2025-11-15T16:16:12","date_gmt":"2025-11-15T16:16:12","guid":{"rendered":"https:\/\/www.europesays.com\/fr\/536316\/"},"modified":"2025-11-15T16:16:12","modified_gmt":"2025-11-15T16:16:12","slug":"donald-trump-renonce-a-une-partie-de-ses-droits-de-douane-face-au-cout-de-la-vie-dans-le-pays","status":"publish","type":"post","link":"https:\/\/www.europesays.com\/fr\/536316\/","title":{"rendered":"Donald Trump renonce \u00e0 une partie de ses droits de douane face au co\u00fbt de la vie dans le pays"},"content":{"rendered":"<p>Caf\u00e9, avocats, b\u0153uf\u2026 <a href=\"https:\/\/www.20minutes.fr\/dossier\/donald_trump\" class=\"c-link c-link--is-underlined\" rel=\"nofollow noopener\" target=\"_blank\">Donald Trump<\/a>, sous pression pour faire baisser le co\u00fbt de la vie pour les Am\u00e9ricains, a annul\u00e9 vendredi des <a href=\"https:\/\/www.20minutes.fr\/economie\/droits-douane-americains\/\" class=\"c-link c-link--is-underlined\" rel=\"nofollow noopener\" target=\"_blank\">droits de douane<\/a> qu\u2019il a lui-m\u00eame impos\u00e9s sur des produits de tous les jours. \u00ab\u00a0J\u2019ai d\u00e9termin\u00e9 que certains produits agricoles ne devaient pas \u00eatre soumis aux droits de douane r\u00e9ciproques\u00a0\u00bb mis en place en avril, explique le pr\u00e9sident am\u00e9ricain dans le d\u00e9cret publi\u00e9 sur le site de la Maison-Blanche.<\/p>\n<\/p>\n<p>Dans la liste figurent des produits que les <a href=\"https:\/\/www.20minutes.fr\/monde\/etats-unis\/\" class=\"c-link c-link--is-underlined\" rel=\"nofollow noopener\" target=\"_blank\">Etats-Unis<\/a> ne cultivent pas, ou alors en trop faible quantit\u00e9 par rapport aux besoins\u00a0: caf\u00e9, th\u00e9, avocats, tomates, mangues, bananes, \u00e9pices, pignons de pin\u2026 Mais aussi des pi\u00e8ces de b\u0153uf, alors que le prix de cette viande a atteint des records dans le pays.<\/p>\n<p>Un all\u00e8gement de certains droits de douane r\u00e9ciproques<\/p>\n<p>L\u2019ex\u00e9cutif semble ainsi reconna\u00eetre que sa politique protectionniste tous azimuts, dont il vante sans cesse les m\u00e9rites, ratissait trop large. Il a d\u2019ailleurs annonc\u00e9 ces derniers jours des accords bilat\u00e9raux pour r\u00e9duire la pression sur certains partenaires commerciaux, \u00e0 l\u2019instar de la <a href=\"https:\/\/www.20minutes.fr\/dossier\/suisse\" class=\"c-link c-link--is-underlined\" rel=\"nofollow noopener\" target=\"_blank\">Suisse<\/a>, qui verra la lourde surtaxe visant ses produits (de 39\u00a0%) abaiss\u00e9e.<\/p>\n<p>En avril, Donald Trump a mis en place des droits de douane dits \u00ab\u00a0r\u00e9ciproques\u00a0\u00bb d\u2019au moins 10\u00a0% sur la plupart des produits entrant aux Etats-Unis au nom de la r\u00e9duction du d\u00e9ficit commercial du pays et du soutien \u00e0 la production locale. Ces taxes allaient jusqu\u2019aux denr\u00e9es ne pouvant pousser sur le sol am\u00e9ricain, un \u00e9l\u00e9ment qui a r\u00e9guli\u00e8rement \u00e9t\u00e9 raill\u00e9 par l\u2019opposition.<\/p>\n<p>Une inflation coriace<\/p>\n<p>M\u00eame si ces droits de douane ont eu un impact moins fort que redout\u00e9 sur les prix pay\u00e9s par les consommateurs, la facture n\u2019est pas neutre pour des Am\u00e9ricains essor\u00e9s par la tr\u00e8s forte <a href=\"https:\/\/www.20minutes.fr\/economie\/inflation\/\" class=\"c-link c-link--is-underlined\" rel=\"nofollow noopener\" target=\"_blank\">inflation <\/a>post-Covid-19. Les prix augmentent moins vite d\u00e9sormais, mais ils augmentent toujours, et les consommateurs sont frapp\u00e9s par le co\u00fbt de certaines denr\u00e9es courantes comme le caf\u00e9 (+\u00a019\u00a0% sur un an en septembre).<\/p>\n<p>Donald Trump avait \u00e9t\u00e9 r\u00e9\u00e9lu en assurant qu\u2019il am\u00e9liorerait le pouvoir d\u2019achat des Am\u00e9ricains. Depuis, il ne cesse de r\u00e9p\u00e9ter que l\u2019<a href=\"https:\/\/www.20minutes.fr\/economie\/\" class=\"c-link c-link--is-underlined\" rel=\"nofollow noopener\" target=\"_blank\">\u00e9conomie<\/a> est florissante et l\u2019inflation quasiment ma\u00eetris\u00e9e. Les chiffres officiels rapportent toutefois un ralentissement de l\u2019activit\u00e9 et une acc\u00e9l\u00e9ration de l\u2019inflation (\u00e0 +\u00a03\u00a0% en septembre contre +\u00a02,3\u00a0% en avril, selon l\u2019indice CPI). Son propre camp le pousse \u00e0 r\u00e9agir apr\u00e8s un cinglant revers \u00e0 des scrutins locaux, et alors que les \u00e9lections de mi-mandat sont dans un an.<\/p>\n<p><a href=\"https:\/\/www.20minutes.fr\/economie\/droits-douane-americains\/\" class=\"c-link c-btn c-btn--primary\" rel=\"nofollow noopener\" target=\"_blank\">Les derni\u00e8res actualit\u00e9s sur les droits de douane am\u00e9ricains<\/a><\/p>\n<p>La Maison-Blanche a tenu \u00e0 souligner cette semaine les mesures prises pour faire baisser les prix des produits de premi\u00e8re n\u00e9cessit\u00e9 comme l\u2019<a href=\"https:\/\/www.20minutes.fr\/dossier\/essence\" class=\"c-link c-link--is-underlined\" rel=\"nofollow noopener\" target=\"_blank\">essence<\/a> et les \u0153ufs, ainsi que l\u2019annonce d\u2019un accord visant \u00e0 r\u00e9duire les prix de certains m\u00e9dicaments pour maigrir.<\/p>\n","protected":false},"excerpt":{"rendered":"Caf\u00e9, avocats, b\u0153uf\u2026 Donald Trump, sous pression pour faire baisser le co\u00fbt de la vie pour les Am\u00e9ricains,&hellip;\n","protected":false},"author":2,"featured_media":536317,"comment_status":"","ping_status":"","sticky":false,"template":"","format":"standard","meta":{"footnotes":""},"categories":[5],"tags":[47,11,75,33742,73,1011,27,9345,14,74,12,28],"class_list":{"0":"post-536316","1":"post","2":"type-post","3":"status-publish","4":"format-standard","5":"has-post-thumbnail","7":"category-international","8":"tag-actualite","9":"tag-actualites","10":"tag-donald-trump","11":"tag-droits-de-douane-americains","12":"tag-etats-unis","13":"tag-fr","14":"tag-france","15":"tag-inflation","16":"tag-international","17":"tag-monde","18":"tag-news","19":"tag-world"},"share_on_mastodon":{"url":"https:\/\/pubeurope.com\/@fr\/115554614353514340","error":""},"_links":{"self":[{"href":"https:\/\/www.europesays.com\/fr\/wp-json\/wp\/v2\/posts\/536316","targetHints":{"allow":["GET"]}}],"collection":[{"href":"https:\/\/www.europesays.com\/fr\/wp-json\/wp\/v2\/posts"}],"about":[{"href":"https:\/\/www.europesays.com\/fr\/wp-json\/wp\/v2\/types\/post"}],"author":[{"embeddable":true,"href":"https:\/\/www.europesays.com\/fr\/wp-json\/wp\/v2\/users\/2"}],"replies":[{"embeddable":true,"href":"https:\/\/www.europesays.com\/fr\/wp-json\/wp\/v2\/comments?post=536316"}],"version-history":[{"count":0,"href":"https:\/\/www.europesays.com\/fr\/wp-json\/wp\/v2\/posts\/536316\/revisions"}],"wp:featuredmedia":[{"embeddable":true,"href":"https:\/\/www.europesays.com\/fr\/wp-json\/wp\/v2\/media\/536317"}],"wp:attachment":[{"href":"https:\/\/www.europesays.com\/fr\/wp-json\/wp\/v2\/media?parent=536316"}],"wp:term":[{"taxonomy":"category","embeddable":true,"href":"https:\/\/www.europesays.com\/fr\/wp-json\/wp\/v2\/categories?post=536316"},{"taxonomy":"post_tag","embeddable":true,"href":"https:\/\/www.europesays.com\/fr\/wp-json\/wp\/v2\/tags?post=536316"}],"curies":[{"name":"wp","href":"https:\/\/api.w.org\/{rel}","templated":true}]}}