{"id":536321,"date":"2025-11-15T16:19:13","date_gmt":"2025-11-15T16:19:13","guid":{"rendered":"https:\/\/www.europesays.com\/fr\/536321\/"},"modified":"2025-11-15T16:19:13","modified_gmt":"2025-11-15T16:19:13","slug":"la-halle-boulloche-plongee-dans-lunivers-des-petites-briques-lego","status":"publish","type":"post","link":"https:\/\/www.europesays.com\/fr\/536321\/","title":{"rendered":"la halle Boulloche plong\u00e9e dans l\u2019univers des petites briques Lego\u00ae"},"content":{"rendered":"<p>Durant tout ce week-end, la halle Boulloche est transform\u00e9e en un univers de petites briques o\u00f9 se m\u00ealent cr\u00e9ativit\u00e9, savoir-faire et passion, \u00e0 l\u2019occasion de la 3e\u00a0 \u00e9dition de Novabrick.<\/p>\n<p>Une quarantaine d\u2019exposants venus de toute la France ont r\u00e9pondu \u00e0 l\u2019appel pour partager leur go\u00fbt pour les constructions en Lego\u00ae. Parmi eux, <a href=\"https:\/\/www.leprogres.fr\/societe\/2024\/01\/03\/bertrand-barbe-remporter-lego-masters-c-est-la-reconnaissance-d-un-vrai-savoir-faire\" target=\"_blank\" rel=\"noopener\">le Couramiaud Bertrand Barbe, vainqueur de l\u2019\u00e9mission Lego Masters il y a deux ans<\/a> , attire particuli\u00e8rement l\u2019attention avec plusieurs de ses r\u00e9alisations les plus marquantes, dont une maquette de l\u2019\u00e9glise Notre-Dame de Saint-Chamond, ainsi que celle de l\u2019immeuble Art nouveau de La Martre \u00e0 Saint-\u00c9tienne.<\/p>\n<p>  Univers de fiction et mod\u00e8les de voitures<\/p>\n<p>Mais l\u2019\u00e9v\u00e9nement ne se limite pas aux maquettes d\u2019exception et propose une grande diversit\u00e9 de cr\u00e9ations. Les plus jeunes s\u2019attardent volontiers devant les univers de fiction ou les mod\u00e8les de voitures, tandis que les adultes red\u00e9couvrent parfois l\u2019univers Lego\u00ae sous un nouveau jour.<\/p>\n<p>\u00ab\u00a0Souvent, on voit arriver des grands-parents qui viennent pour faire plaisir aux petits et qui, finalement, se retrouvent fascin\u00e9s devant des ensembles qui leur parlent davantage. Ce genre de manifestation rassemble toutes les g\u00e9n\u00e9rations\u00a0\u00bb, assure C\u00e9dric Larcher, l\u2019un des exposants, qui pr\u00e9sente une reproduction de Notre-Dame de Paris lors des travaux de restauration.<\/p>\n<p>Une salle d\u00e9di\u00e9e permet \u00e9galement aux plus petits de s\u2019initier librement \u00e0 la construction gr\u00e2ce \u00e0 des milliers de pi\u00e8ces mises \u00e0 leur disposition.<\/p>\n<p>Il y a deux ans, la manifestation avait attir\u00e9 pr\u00e8s de 7\u00a0000 visiteurs. \u00ab\u00a0Nous esp\u00e9rons que le public sera encore nombreux \u00e0 venir nous rejoindre ce dimanche\u00a0\u00bb, confiait samedi Chris Tchivongo, l\u2019un des organisateurs.<\/p>\n<p>\ufeff<\/p>\n<p class=\"note\">Novabrick, ce dimanche 16\u00a0novembre de 10 \u00e0 18 heures, \u00e0 la halle Boulloche. Tarifs\u00a0: 2\u00a0\u20ac pour les enfants de 4 \u00e0 9 ans, 5\u00a0\u20ac \u00e0 partir de 10 ans.<\/p>\n","protected":false},"excerpt":{"rendered":"Durant tout ce week-end, la halle Boulloche est transform\u00e9e en un univers de petites briques o\u00f9 se m\u00ealent&hellip;\n","protected":false},"author":2,"featured_media":536322,"comment_status":"","ping_status":"","sticky":false,"template":"","format":"standard","meta":{"footnotes":""},"categories":[9653],"tags":[1111,11,2430,1687,7539,1777,674,1685,1011,27,12,25,9669,9670,4001],"class_list":{"0":"post-536321","1":"post","2":"type-post","3":"status-publish","4":"format-standard","5":"has-post-thumbnail","7":"category-saint-etienne","8":"tag-actu","9":"tag-actualites","10":"tag-auvergne-rhone-alpes","11":"tag-culture-loisirs","12":"tag-edition-loire-sud","13":"tag-eu","14":"tag-europe","15":"tag-foire-et-salon","16":"tag-fr","17":"tag-france","18":"tag-news","19":"tag-republique-francaise","20":"tag-saint-chamond","21":"tag-saint-chamond-ville","22":"tag-saint-etienne"},"share_on_mastodon":{"url":"https:\/\/pubeurope.com\/@fr\/115554626062657988","error":""},"_links":{"self":[{"href":"https:\/\/www.europesays.com\/fr\/wp-json\/wp\/v2\/posts\/536321","targetHints":{"allow":["GET"]}}],"collection":[{"href":"https:\/\/www.europesays.com\/fr\/wp-json\/wp\/v2\/posts"}],"about":[{"href":"https:\/\/www.europesays.com\/fr\/wp-json\/wp\/v2\/types\/post"}],"author":[{"embeddable":true,"href":"https:\/\/www.europesays.com\/fr\/wp-json\/wp\/v2\/users\/2"}],"replies":[{"embeddable":true,"href":"https:\/\/www.europesays.com\/fr\/wp-json\/wp\/v2\/comments?post=536321"}],"version-history":[{"count":0,"href":"https:\/\/www.europesays.com\/fr\/wp-json\/wp\/v2\/posts\/536321\/revisions"}],"wp:featuredmedia":[{"embeddable":true,"href":"https:\/\/www.europesays.com\/fr\/wp-json\/wp\/v2\/media\/536322"}],"wp:attachment":[{"href":"https:\/\/www.europesays.com\/fr\/wp-json\/wp\/v2\/media?parent=536321"}],"wp:term":[{"taxonomy":"category","embeddable":true,"href":"https:\/\/www.europesays.com\/fr\/wp-json\/wp\/v2\/categories?post=536321"},{"taxonomy":"post_tag","embeddable":true,"href":"https:\/\/www.europesays.com\/fr\/wp-json\/wp\/v2\/tags?post=536321"}],"curies":[{"name":"wp","href":"https:\/\/api.w.org\/{rel}","templated":true}]}}