{"id":536323,"date":"2025-11-15T16:20:15","date_gmt":"2025-11-15T16:20:15","guid":{"rendered":"https:\/\/www.europesays.com\/fr\/536323\/"},"modified":"2025-11-15T16:20:15","modified_gmt":"2025-11-15T16:20:15","slug":"cette-fois-les-ecologistes-joueront-lunion-avec-le-ps-des-le-premier-tour","status":"publish","type":"post","link":"https:\/\/www.europesays.com\/fr\/536323\/","title":{"rendered":"cette fois, les \u00e9cologistes joueront l\u2019union avec le PS d\u00e8s le premier tour"},"content":{"rendered":"<p>Apr\u00e8s les communistes jeudi, les \u00e9cologistes st\u00e9phanois ont \u00e0 leur tour annonc\u00e9, vendredi soir, qu\u2019ils rejoignaient la liste d\u2019union de gauche emmen\u00e9e par l\u2019ancien d\u00e9put\u00e9 et actuel conseiller d\u00e9partemental R\u00e9gis Juanico pour les \u00e9lections municipales de mars prochain.<\/p>\n<p>Comme les communistes, les \u00e9cologistes en sont pass\u00e9s par un vote interne, et c\u2019est \u00e0 75\u00a0% qu\u2019ils ont d\u00e9cid\u00e9 de rejoindre l\u2019union de gauche qui compte d\u00e9j\u00e0 le PS, Saint-\u00c9tienne Demain, Place&#8230;<\/p>\n","protected":false},"excerpt":{"rendered":"Apr\u00e8s les communistes jeudi, les \u00e9cologistes st\u00e9phanois ont \u00e0 leur tour annonc\u00e9, vendredi soir, qu\u2019ils rejoignaient la liste&hellip;\n","protected":false},"author":2,"featured_media":536324,"comment_status":"","ping_status":"","sticky":false,"template":"","format":"standard","meta":{"footnotes":""},"categories":[9653],"tags":[1111,11,2430,7539,4188,1777,674,1011,27,3539,3367,12,3541,316,25,4001,7538],"class_list":{"0":"post-536323","1":"post","2":"type-post","3":"status-publish","4":"format-standard","5":"has-post-thumbnail","7":"category-saint-etienne","8":"tag-actu","9":"tag-actualites","10":"tag-auvergne-rhone-alpes","11":"tag-edition-loire-sud","12":"tag-elections-municipales","13":"tag-eu","14":"tag-europe","15":"tag-fr","16":"tag-france","17":"tag-les-ecologistes","18":"tag-loire","19":"tag-news","20":"tag-parti-socialiste","21":"tag-politique","22":"tag-republique-francaise","23":"tag-saint-etienne","24":"tag-saint-etienne-ville"},"share_on_mastodon":{"url":"https:\/\/pubeurope.com\/@fr\/115554630131770602","error":""},"_links":{"self":[{"href":"https:\/\/www.europesays.com\/fr\/wp-json\/wp\/v2\/posts\/536323","targetHints":{"allow":["GET"]}}],"collection":[{"href":"https:\/\/www.europesays.com\/fr\/wp-json\/wp\/v2\/posts"}],"about":[{"href":"https:\/\/www.europesays.com\/fr\/wp-json\/wp\/v2\/types\/post"}],"author":[{"embeddable":true,"href":"https:\/\/www.europesays.com\/fr\/wp-json\/wp\/v2\/users\/2"}],"replies":[{"embeddable":true,"href":"https:\/\/www.europesays.com\/fr\/wp-json\/wp\/v2\/comments?post=536323"}],"version-history":[{"count":0,"href":"https:\/\/www.europesays.com\/fr\/wp-json\/wp\/v2\/posts\/536323\/revisions"}],"wp:featuredmedia":[{"embeddable":true,"href":"https:\/\/www.europesays.com\/fr\/wp-json\/wp\/v2\/media\/536324"}],"wp:attachment":[{"href":"https:\/\/www.europesays.com\/fr\/wp-json\/wp\/v2\/media?parent=536323"}],"wp:term":[{"taxonomy":"category","embeddable":true,"href":"https:\/\/www.europesays.com\/fr\/wp-json\/wp\/v2\/categories?post=536323"},{"taxonomy":"post_tag","embeddable":true,"href":"https:\/\/www.europesays.com\/fr\/wp-json\/wp\/v2\/tags?post=536323"}],"curies":[{"name":"wp","href":"https:\/\/api.w.org\/{rel}","templated":true}]}}